{"id":129566,"date":"2018-03-01T05:53:55","date_gmt":"2018-03-01T09:53:55","guid":{"rendered":"https:\/\/mspontocom.com.br\/site\/?p=129566"},"modified":"2018-03-01T05:53:55","modified_gmt":"2018-03-01T09:53:55","slug":"lava-jato-barra-ofensiva-de-lula-contra-sergio-moro","status":"publish","type":"post","link":"https:\/\/mspontocom.com.br\/site\/lava-jato-barra-ofensiva-de-lula-contra-sergio-moro\/","title":{"rendered":"Lava Jato barra ofensiva de Lula contra S\u00e9rgio Moro"},"content":{"rendered":"<div class=\"col-md-12 font_a popup-gallery\"><img loading=\"lazy\" class=\"alignnone size-full wp-image-129567\" src=\"https:\/\/mspontocom.com.br\/site\/wp-content\/uploads\/2018\/03\/site-lava-jato-barra-ofensiva-de-lula-contra-sergio-moro-lulamoro1-e1519897850147.jpg\" alt=\"\" width=\"693\" height=\"358\" srcset=\"https:\/\/mspontocom.com.br\/site\/wp-content\/uploads\/2018\/03\/site-lava-jato-barra-ofensiva-de-lula-contra-sergio-moro-lulamoro1-e1519897850147.jpg 693w, https:\/\/mspontocom.com.br\/site\/wp-content\/uploads\/2018\/03\/site-lava-jato-barra-ofensiva-de-lula-contra-sergio-moro-lulamoro1-e1519897850147-260x134.jpg 260w\" sizes=\"(max-width: 693px) 100vw, 693px\" \/>Os desembargadores do\u00a0 TRF-4 negaram nesta quarta-feira, 28, por unanimidade, novo pedido de exce\u00e7\u00e3o de suspei\u00e7\u00e3o feito pela defesa do ex-presidente<strong> Lula<\/strong> contra o juiz <strong>S\u00e9rgio Moro,<\/strong> da Lava Jato.<\/p>\n<p style=\"text-align: justify;\">Al\u00e9m do pedido de suspei\u00e7\u00e3o, a defesa requeria a redistribui\u00e7\u00e3o para outro magistrado do processo que averigua a propriedade de im\u00f3veis em S\u00e3o Bernardo do Campo (SP), um apartamento ocupado pelo ex-presidente e um terreno que seria para uso do <strong>Instituto Lula.<\/strong><\/p>\n<p style=\"text-align: justify;\"><strong>Acusa\u00e7\u00e3o<\/strong><\/p>\n<p style=\"text-align: justify;\">Segundo o advogado do ex-presidente, Moro teria se tornado suspeito ao participar como palestrante do 4.\u00ba Evento Anual Petrobr\u00e1s em Compliance, na sede da estatal, no dia 8 de dezembro do ano passado.<\/p>\n<p style=\"text-align: justify;\"><strong>Senten\u00e7a<\/strong><\/p>\n<p style=\"text-align: justify;\">Segundo o relator, desembargador federal Jo\u00e3o Pedro Gebran Neto, eventuais manifesta\u00e7\u00f5es do magistrado em textos jur\u00eddicos ou palestras de natureza acad\u00eamica, informativa ou cerimonial a respeito de crimes de corrup\u00e7\u00e3o \u2018n\u00e3o conduz \u00e0 suspei\u00e7\u00e3o para julgar processos relacionados \u00e0 Opera\u00e7\u00e3o Lava Jato\u2019.<\/p>\n<p style=\"text-align: justify;\">Para Gebran, as afirma\u00e7\u00f5es de Moro \u2018n\u00e3o diziam respeito aos fatos do processo, ainda que se originassem da experi\u00eancia colhida ao longo da Opera\u00e7\u00e3o Lava Jato\u2019.<\/p>\n<p style=\"text-align: justify;\">fonte(AE)<\/p>\n<\/div>\n<div><\/div>\n","protected":false},"excerpt":{"rendered":"<p>Os desembargadores do\u00a0 TRF-4 negaram nesta quarta-feira, 28, por unanimidade, novo pedido de exce\u00e7\u00e3o de suspei\u00e7\u00e3o feito pela defesa do ex-presidente Lula contra o juiz S\u00e9rgio Moro, da Lava Jato. Al\u00e9m do pedido de suspei\u00e7\u00e3o, a defesa requeria a redistribui\u00e7\u00e3o para outro magistrado do processo que averigua a propriedade de im\u00f3veis em S\u00e3o Bernardo do [&hellip;]<\/p>\n","protected":false},"author":2,"featured_media":129567,"comment_status":"open","ping_status":"open","sticky":false,"template":"","format":"standard","meta":{"_monsterinsights_skip_tracking":false,"_monsterinsights_sitenote_active":false,"_monsterinsights_sitenote_note":"","_monsterinsights_sitenote_category":0},"categories":[6,30260,2528,30259,12],"tags":[30927,30300,21419,480,6587,28706,20193],"aioseo_notices":[],"_links":{"self":[{"href":"https:\/\/mspontocom.com.br\/site\/wp-json\/wp\/v2\/posts\/129566"}],"collection":[{"href":"https:\/\/mspontocom.com.br\/site\/wp-json\/wp\/v2\/posts"}],"about":[{"href":"https:\/\/mspontocom.com.br\/site\/wp-json\/wp\/v2\/types\/post"}],"author":[{"embeddable":true,"href":"https:\/\/mspontocom.com.br\/site\/wp-json\/wp\/v2\/users\/2"}],"replies":[{"embeddable":true,"href":"https:\/\/mspontocom.com.br\/site\/wp-json\/wp\/v2\/comments?post=129566"}],"version-history":[{"count":0,"href":"https:\/\/mspontocom.com.br\/site\/wp-json\/wp\/v2\/posts\/129566\/revisions"}],"wp:featuredmedia":[{"embeddable":true,"href":"https:\/\/mspontocom.com.br\/site\/wp-json\/wp\/v2\/media\/129567"}],"wp:attachment":[{"href":"https:\/\/mspontocom.com.br\/site\/wp-json\/wp\/v2\/media?parent=129566"}],"wp:term":[{"taxonomy":"category","embeddable":true,"href":"https:\/\/mspontocom.com.br\/site\/wp-json\/wp\/v2\/categories?post=129566"},{"taxonomy":"post_tag","embeddable":true,"href":"https:\/\/mspontocom.com.br\/site\/wp-json\/wp\/v2\/tags?post=129566"}],"curies":[{"name":"wp","href":"https:\/\/api.w.org\/{rel}","templated":true}]}}