{"id":143949,"date":"2019-10-17T08:52:19","date_gmt":"2019-10-17T12:52:19","guid":{"rendered":"https:\/\/mspontocom.com.br\/site\/?p=143949"},"modified":"2019-10-17T08:29:18","modified_gmt":"2019-10-17T12:29:18","slug":"serasa-experian-abre-vagas-de-trainee-com-salario-de-r-5-700","status":"publish","type":"post","link":"https:\/\/mspontocom.com.br\/site\/serasa-experian-abre-vagas-de-trainee-com-salario-de-r-5-700\/","title":{"rendered":"Serasa Experian abre vagas de trainee com sal\u00e1rio de R$ 5.700"},"content":{"rendered":"<p style=\"text-align: justify;\"><img loading=\"lazy\" class=\"alignnone size-full wp-image-143950\" src=\"https:\/\/mspontocom.com.br\/site\/wp-content\/uploads\/2019\/10\/site-serasa-experian-abre-vagas-de-trainee-com-salario-de-r-5-700-serasa1-e1571315269143.png\" alt=\"\" width=\"570\" height=\"330\" srcset=\"https:\/\/mspontocom.com.br\/site\/wp-content\/uploads\/2019\/10\/site-serasa-experian-abre-vagas-de-trainee-com-salario-de-r-5-700-serasa1-e1571315269143.png 570w, https:\/\/mspontocom.com.br\/site\/wp-content\/uploads\/2019\/10\/site-serasa-experian-abre-vagas-de-trainee-com-salario-de-r-5-700-serasa1-e1571315269143-260x151.png 260w\" sizes=\"(max-width: 570px) 100vw, 570px\" \/><\/p>\n<p style=\"text-align: justify;\">Est\u00e3o abertas as inscri\u00e7\u00f5es para o novo Programa de Trainee da\u00a0<strong>Serasa Experian<\/strong>\u00a02020, com\u00a0 vagas para as \u00e1reas corporativas, dados, neg\u00f3cios, vendas e tecnologia.<\/p>\n<p style=\"text-align: justify;\"><span style=\"color: #ff0000;\">Candidatos de todas as regi\u00f5es do Brasil podem participar do processo seletivo.<\/span><\/p>\n<p style=\"text-align: justify;\">Podem participar pessoas de quaisquer \u00e1reas com\u00a0<a href=\"https:\/\/jcconcursos.uol.com.br\/noticia\/empregos\">forma\u00e7\u00e3o<\/a>\u00a0de dezembro de 2017 a 2019, que tenham bom n\u00edvel de ingl\u00eas e disponibilidade de mudan\u00e7a para S\u00e3o Paulo\u00a0ou S\u00e3o Carlos, no interior do Estado.<\/p>\n<p style=\"text-align: justify;\"><strong>Sal\u00e1rio e benef\u00edcios<\/strong><\/p>\n<p style=\"text-align: justify;\">Al\u00e9m da remunera\u00e7\u00e3o mensal, cujo valor \u00e9 de R$ 5.700, os contratados pela\u00a0<strong>Serasa Experian<\/strong>\u00a0ter\u00e3o direito aos benef\u00edcios de vale-refei\u00e7\u00e3o, assist\u00eancias m\u00e9dica e odontol\u00f3gica, seguro de vida, previd\u00eancia privada, participa\u00e7\u00e3o nos lucros da empresa e possibilidade de efetiva\u00e7\u00e3o em cargo de lideran\u00e7a.<\/p>\n<p style=\"text-align: justify;\"><strong>Inscri\u00e7\u00f5es<\/strong><\/p>\n<p style=\"text-align: justify;\">Os interessados em concorrer a uma vaga no Programa de Trainee da\u00a0<strong>Serasa Experian<\/strong>\u00a02020 devem efetuar a inscri\u00e7\u00e3o no site\u00a0<a href=\"https:\/\/traineeserasaexperian.com.br\/program\">https:\/\/traineeserasaexperian.com.br\/program<\/a>\u00a0at\u00e9 o dia 8 de novembro.<\/p>\n<p style=\"text-align: justify;\">\n<p style=\"text-align: justify;\">\n<p style=\"text-align: justify;\">fonte: Douglas Terenciano, JC<\/p>\n","protected":false},"excerpt":{"rendered":"<p>Est\u00e3o abertas as inscri\u00e7\u00f5es para o novo Programa de Trainee da\u00a0Serasa Experian\u00a02020, com\u00a0 vagas para as \u00e1reas corporativas, dados, neg\u00f3cios, vendas e tecnologia. Candidatos de todas as regi\u00f5es do Brasil podem participar do processo seletivo. Podem participar pessoas de quaisquer \u00e1reas com\u00a0forma\u00e7\u00e3o\u00a0de dezembro de 2017 a 2019, que tenham bom n\u00edvel de ingl\u00eas e disponibilidade [&hellip;]<\/p>\n","protected":false},"author":2,"featured_media":143950,"comment_status":"open","ping_status":"open","sticky":false,"template":"","format":"standard","meta":{"_monsterinsights_skip_tracking":false,"_monsterinsights_sitenote_active":false,"_monsterinsights_sitenote_note":"","_monsterinsights_sitenote_category":0},"categories":[30260,28176,30259],"tags":[348,455,1438,10558],"aioseo_notices":[],"_links":{"self":[{"href":"https:\/\/mspontocom.com.br\/site\/wp-json\/wp\/v2\/posts\/143949"}],"collection":[{"href":"https:\/\/mspontocom.com.br\/site\/wp-json\/wp\/v2\/posts"}],"about":[{"href":"https:\/\/mspontocom.com.br\/site\/wp-json\/wp\/v2\/types\/post"}],"author":[{"embeddable":true,"href":"https:\/\/mspontocom.com.br\/site\/wp-json\/wp\/v2\/users\/2"}],"replies":[{"embeddable":true,"href":"https:\/\/mspontocom.com.br\/site\/wp-json\/wp\/v2\/comments?post=143949"}],"version-history":[{"count":0,"href":"https:\/\/mspontocom.com.br\/site\/wp-json\/wp\/v2\/posts\/143949\/revisions"}],"wp:featuredmedia":[{"embeddable":true,"href":"https:\/\/mspontocom.com.br\/site\/wp-json\/wp\/v2\/media\/143950"}],"wp:attachment":[{"href":"https:\/\/mspontocom.com.br\/site\/wp-json\/wp\/v2\/media?parent=143949"}],"wp:term":[{"taxonomy":"category","embeddable":true,"href":"https:\/\/mspontocom.com.br\/site\/wp-json\/wp\/v2\/categories?post=143949"},{"taxonomy":"post_tag","embeddable":true,"href":"https:\/\/mspontocom.com.br\/site\/wp-json\/wp\/v2\/tags?post=143949"}],"curies":[{"name":"wp","href":"https:\/\/api.w.org\/{rel}","templated":true}]}}