{"id":146645,"date":"2020-02-19T08:50:23","date_gmt":"2020-02-19T12:50:23","guid":{"rendered":"https:\/\/mspontocom.com.br\/site\/?p=146645"},"modified":"2020-02-19T08:19:47","modified_gmt":"2020-02-19T12:19:47","slug":"midia-internacional-omite-fatos-positivos-do-brasil-como-reducao-de-crimes","status":"publish","type":"post","link":"https:\/\/mspontocom.com.br\/site\/midia-internacional-omite-fatos-positivos-do-brasil-como-reducao-de-crimes\/","title":{"rendered":"M\u00eddia internacional omite fatos positivos do Brasil, como redu\u00e7\u00e3o de crimes"},"content":{"rendered":"<p style=\"text-align: justify;\"><img loading=\"lazy\" class=\"alignnone size-full wp-image-146646\" src=\"https:\/\/mspontocom.com.br\/site\/wp-content\/uploads\/2020\/02\/site-midia-internacional-omite-fatos-positivos-do-brasil-como-reducao-de-crimes-montagem-jornal-e1582114666846.png\" alt=\"\" width=\"505\" height=\"249\" \/>Ve\u00edculos estrangeiros\u00a0quando se trata de Brasil, esconde-se o que \u00e9 bom.<\/p>\n<p style=\"text-align: justify;\">Mesmo quando se trata de fato sem paralelos no mundo, como por exemplo a redu\u00e7\u00e3o de 21,1% dos assassinatos e 10.000 mortes a menos, entre janeiro e outubro de 2019.<\/p>\n<p style=\"text-align: justify;\">A not\u00edcia foi ignorada por quase todos os ve\u00edculos na Europa e nos Estados Unidos.<\/p>\n<p style=\"text-align: justify;\">De todos os ve\u00edculos estrangeiros representados no Pa\u00eds, s\u00f3 um citou a redu\u00e7\u00e3o de crimes violentos, mas tentou desqualificar o feito brasileiro.<\/p>\n<p style=\"text-align: justify;\">O espanhol\u00a0<strong><em>El Pa\u00eds<\/em>\u00a0<\/strong>at\u00e9 noticiou, mas cedeu ao ativismo acusando a pol\u00edcia do Rio por 1.800 mortes. Ignorou, claro, os policiais executados.<\/p>\n<p style=\"text-align: justify;\">A TV <strong>Al Jazeera<\/strong> mancheteou o que acha mais relevante que 10 mil mortes a menos em 2019: \u201cAssassinatos no Rio pela pol\u00edcia disparam\u201d.<\/p>\n<p style=\"text-align: justify;\">A informa\u00e7\u00e3o \u00e9 da Coluna Cl\u00e1udio Humberto, do\u00a0<strong>Di\u00e1rio do Poder<\/strong>.<\/p>\n","protected":false},"excerpt":{"rendered":"<p>Ve\u00edculos estrangeiros\u00a0quando se trata de Brasil, esconde-se o que \u00e9 bom. Mesmo quando se trata de fato sem paralelos no mundo, como por exemplo a redu\u00e7\u00e3o de 21,1% dos assassinatos e 10.000 mortes a menos, entre janeiro e outubro de 2019. A not\u00edcia foi ignorada por quase todos os ve\u00edculos na Europa e nos Estados [&hellip;]<\/p>\n","protected":false},"author":2,"featured_media":0,"comment_status":"open","ping_status":"open","sticky":false,"template":"","format":"standard","meta":{"_monsterinsights_skip_tracking":false,"_monsterinsights_sitenote_active":false,"_monsterinsights_sitenote_note":"","_monsterinsights_sitenote_category":0},"categories":[30260,2528,7,30259],"tags":[30254,3157,1210,15586],"aioseo_notices":[],"_links":{"self":[{"href":"https:\/\/mspontocom.com.br\/site\/wp-json\/wp\/v2\/posts\/146645"}],"collection":[{"href":"https:\/\/mspontocom.com.br\/site\/wp-json\/wp\/v2\/posts"}],"about":[{"href":"https:\/\/mspontocom.com.br\/site\/wp-json\/wp\/v2\/types\/post"}],"author":[{"embeddable":true,"href":"https:\/\/mspontocom.com.br\/site\/wp-json\/wp\/v2\/users\/2"}],"replies":[{"embeddable":true,"href":"https:\/\/mspontocom.com.br\/site\/wp-json\/wp\/v2\/comments?post=146645"}],"version-history":[{"count":0,"href":"https:\/\/mspontocom.com.br\/site\/wp-json\/wp\/v2\/posts\/146645\/revisions"}],"wp:attachment":[{"href":"https:\/\/mspontocom.com.br\/site\/wp-json\/wp\/v2\/media?parent=146645"}],"wp:term":[{"taxonomy":"category","embeddable":true,"href":"https:\/\/mspontocom.com.br\/site\/wp-json\/wp\/v2\/categories?post=146645"},{"taxonomy":"post_tag","embeddable":true,"href":"https:\/\/mspontocom.com.br\/site\/wp-json\/wp\/v2\/tags?post=146645"}],"curies":[{"name":"wp","href":"https:\/\/api.w.org\/{rel}","templated":true}]}}