{"id":147567,"date":"2020-03-29T09:12:20","date_gmt":"2020-03-29T13:12:20","guid":{"rendered":"https:\/\/mspontocom.com.br\/site\/?p=147567"},"modified":"2020-03-29T09:12:20","modified_gmt":"2020-03-29T13:12:20","slug":"medicos-de-wuhan-farao-videoconferencia-com-estados-brasileiros","status":"publish","type":"post","link":"https:\/\/mspontocom.com.br\/site\/medicos-de-wuhan-farao-videoconferencia-com-estados-brasileiros\/","title":{"rendered":"M\u00e9dicos de Wuhan far\u00e3o videoconfer\u00eancia com Estados brasileiros"},"content":{"rendered":"<p style=\"text-align: justify;\"><img loading=\"lazy\" class=\"alignnone size-full wp-image-147568\" src=\"https:\/\/mspontocom.com.br\/site\/wp-content\/uploads\/2020\/03\/site-medicos-de-wuhan-farao-videoconferencia-com-estados-brasileiros-medico-e1585487450189.jpg\" alt=\"\" width=\"376\" height=\"230\" srcset=\"https:\/\/mspontocom.com.br\/site\/wp-content\/uploads\/2020\/03\/site-medicos-de-wuhan-farao-videoconferencia-com-estados-brasileiros-medico-e1585487450189.jpg 376w, https:\/\/mspontocom.com.br\/site\/wp-content\/uploads\/2020\/03\/site-medicos-de-wuhan-farao-videoconferencia-com-estados-brasileiros-medico-e1585487450189-260x159.jpg 260w\" sizes=\"(max-width: 376px) 100vw, 376px\" \/><\/p>\n<p style=\"text-align: justify;\">Uma videoconfer\u00eancia dos m\u00e9dicos do Distrito Federal com os colegas de Wuhan, epicentro do coronav\u00edrus, deve dar in\u00edcio \u00e0 coopera\u00e7\u00e3o solicitada pelo governador do DF, Ibaneis Rocha, \u00e0 embaixada da China.<\/p>\n<p style=\"text-align: justify;\">Ele foi o primeiro a pedir, mas outros Estados e v\u00e1rios munic\u00edpios fizeram o mesmo, por isso a embaixada fez uma gentileza ao governo federal, por meio do Minist\u00e9rio das Rela\u00e7\u00f5es Exteriores: enviou uma lista dessas solicita\u00e7\u00f5es pedindo que ao Pal\u00e1cio do Planalto que defina prioridades.<\/p>\n<p style=\"text-align: justify;\">Uma segunda videoconfer\u00eancia ser\u00e1 dos m\u00e9dicos de Wuhan e o pessoal de sa\u00fade dos Estados e munic\u00edpios que solicitaram a coopera\u00e7\u00e3o.<\/p>\n<p style=\"text-align: justify;\">O \u201cprojeto China\u201d \u00e9 tocado pelo secret\u00e1rio Valdet\u00e1rio Andrade Monteiro (Casa Civil) e Renata Zuquim, diretora de rela\u00e7\u00f5es internacionais do DF.<\/p>\n<p style=\"text-align: justify;\">A informa\u00e7\u00e3o \u00e9 da Coluna Cl\u00e1udio Humberto, do\u00a0<strong>Di\u00e1rio do Poder<\/strong>.<\/p>\n<p>&nbsp;<\/p>\n<p>foto: Veja<\/p>\n","protected":false},"excerpt":{"rendered":"<p>M\u00e9dicos de Wuhan far\u00e3o videoconfer\u00eancia com Estados brasileiros<\/p>\n","protected":false},"author":2,"featured_media":147568,"comment_status":"open","ping_status":"open","sticky":false,"template":"","format":"standard","meta":{"_monsterinsights_skip_tracking":false,"_monsterinsights_sitenote_active":false,"_monsterinsights_sitenote_note":"","_monsterinsights_sitenote_category":0},"categories":[30260,30259,11],"tags":[24127,2795,29355,35108],"aioseo_notices":[],"_links":{"self":[{"href":"https:\/\/mspontocom.com.br\/site\/wp-json\/wp\/v2\/posts\/147567"}],"collection":[{"href":"https:\/\/mspontocom.com.br\/site\/wp-json\/wp\/v2\/posts"}],"about":[{"href":"https:\/\/mspontocom.com.br\/site\/wp-json\/wp\/v2\/types\/post"}],"author":[{"embeddable":true,"href":"https:\/\/mspontocom.com.br\/site\/wp-json\/wp\/v2\/users\/2"}],"replies":[{"embeddable":true,"href":"https:\/\/mspontocom.com.br\/site\/wp-json\/wp\/v2\/comments?post=147567"}],"version-history":[{"count":0,"href":"https:\/\/mspontocom.com.br\/site\/wp-json\/wp\/v2\/posts\/147567\/revisions"}],"wp:featuredmedia":[{"embeddable":true,"href":"https:\/\/mspontocom.com.br\/site\/wp-json\/wp\/v2\/media\/147568"}],"wp:attachment":[{"href":"https:\/\/mspontocom.com.br\/site\/wp-json\/wp\/v2\/media?parent=147567"}],"wp:term":[{"taxonomy":"category","embeddable":true,"href":"https:\/\/mspontocom.com.br\/site\/wp-json\/wp\/v2\/categories?post=147567"},{"taxonomy":"post_tag","embeddable":true,"href":"https:\/\/mspontocom.com.br\/site\/wp-json\/wp\/v2\/tags?post=147567"}],"curies":[{"name":"wp","href":"https:\/\/api.w.org\/{rel}","templated":true}]}}