{"id":147649,"date":"2020-04-01T08:08:52","date_gmt":"2020-04-01T12:08:52","guid":{"rendered":"https:\/\/mspontocom.com.br\/site\/?p=147649"},"modified":"2020-04-01T08:08:52","modified_gmt":"2020-04-01T12:08:52","slug":"coronavirus-isolamento-social-tem-apoio-de-811-dos-brasileiros-diz-levantamento","status":"publish","type":"post","link":"https:\/\/mspontocom.com.br\/site\/coronavirus-isolamento-social-tem-apoio-de-811-dos-brasileiros-diz-levantamento\/","title":{"rendered":"Coronav\u00edrus: \u2018Isolamento social\u2019 tem apoio de 81,1% dos brasileiros, diz levantamento"},"content":{"rendered":"<p style=\"text-align: justify;\"><img loading=\"lazy\" class=\"alignnone size-large wp-image-147650\" src=\"https:\/\/mspontocom.com.br\/site\/wp-content\/uploads\/2020\/04\/site-coronavirus-isolamento-social-tem-apoio-de-811-dos-brasileiros-diz-levantamento-luiz-henrique-mandetta-2803200027-e1585742868374-1024x798.jpg\" alt=\"\" width=\"1024\" height=\"798\" \/>Levantamento exclusivo encomendado pelo site\u00a0<em>Di\u00e1rio do Poder<\/em>\u00a0\u00e0 Orbis Pesquisa sobre as consequ\u00eancias da pandemia do coronav\u00edrus, mostra que 81,1% dos entrevistados dizem ser favor\u00e1veis ao \u201cisolamento social para cortar a circula\u00e7\u00e3o do v\u00edrus\u201d.<\/p>\n<p style=\"text-align: justify;\">Entre jovens de 16 a 19 anos, o apoio ao isolamento impressiona: 96,4%. Tamb\u00e9m \u00e9 maci\u00e7o na faixa et\u00e1ria de mais de 65 anos o engajamento \u00e0 medida: 88,8%. A Orbis entrevistou 2.163 pessoas em todo o Pa\u00eds, na segunda-feira (30).<\/p>\n<p style=\"text-align: justify;\">O apoio ao \u201cisolamento social\u201d para combater o v\u00edrus tem apoio maior entre mulheres (86,9%) do que entre homens (74%).<\/p>\n<p style=\"text-align: justify;\">A maior rejei\u00e7\u00e3o ao \u201cisolamento social\u201d est\u00e1 na faixa et\u00e1ria de 20 a 35 anos: mesmo assim, somente 26,9% s\u00e3o contra a estrat\u00e9gia.<\/p>\n<p style=\"text-align: justify;\">Apesar de 81% apoiarem o isolamento, s\u00e3o 60% aqueles que acham que a estrat\u00e9gia deve ser manter todo mundo isolado, evitando o conv\u00edvio.<\/p>\n<p style=\"text-align: justify;\">A pesquisa\u00a0<em>Di\u00e1rio do Poder<\/em>\/Orbis mostra que s\u00e3o 28,4% aqueles que apoiam isolamento de grupos de riscos e 5,1%, o de casos suspeitos.<\/p>\n<p style=\"text-align: justify;\">A informa\u00e7\u00e3o \u00e9 da Coluna Cl\u00e1udio Humberto, do\u00a0<strong>Di\u00e1rio do Poder<\/strong>.<\/p>\n","protected":false},"excerpt":{"rendered":"<p>isolamento social, pesquisa, brasileiros<\/p>\n","protected":false},"author":2,"featured_media":0,"comment_status":"open","ping_status":"open","sticky":false,"template":"","format":"standard","meta":{"_monsterinsights_skip_tracking":false,"_monsterinsights_sitenote_active":false,"_monsterinsights_sitenote_note":"","_monsterinsights_sitenote_category":0},"categories":[30260,11],"tags":[359,35117,733],"aioseo_notices":[],"_links":{"self":[{"href":"https:\/\/mspontocom.com.br\/site\/wp-json\/wp\/v2\/posts\/147649"}],"collection":[{"href":"https:\/\/mspontocom.com.br\/site\/wp-json\/wp\/v2\/posts"}],"about":[{"href":"https:\/\/mspontocom.com.br\/site\/wp-json\/wp\/v2\/types\/post"}],"author":[{"embeddable":true,"href":"https:\/\/mspontocom.com.br\/site\/wp-json\/wp\/v2\/users\/2"}],"replies":[{"embeddable":true,"href":"https:\/\/mspontocom.com.br\/site\/wp-json\/wp\/v2\/comments?post=147649"}],"version-history":[{"count":0,"href":"https:\/\/mspontocom.com.br\/site\/wp-json\/wp\/v2\/posts\/147649\/revisions"}],"wp:attachment":[{"href":"https:\/\/mspontocom.com.br\/site\/wp-json\/wp\/v2\/media?parent=147649"}],"wp:term":[{"taxonomy":"category","embeddable":true,"href":"https:\/\/mspontocom.com.br\/site\/wp-json\/wp\/v2\/categories?post=147649"},{"taxonomy":"post_tag","embeddable":true,"href":"https:\/\/mspontocom.com.br\/site\/wp-json\/wp\/v2\/tags?post=147649"}],"curies":[{"name":"wp","href":"https:\/\/api.w.org\/{rel}","templated":true}]}}