{"id":148081,"date":"2020-04-21T07:44:17","date_gmt":"2020-04-21T11:44:17","guid":{"rendered":"https:\/\/mspontocom.com.br\/site\/?p=148081"},"modified":"2020-04-21T07:44:17","modified_gmt":"2020-04-21T11:44:17","slug":"acao-civil-publica-contra-a-china-pede-r-420-bilhoes-de-indenizacao-por-pandemia-do-coronavirus","status":"publish","type":"post","link":"https:\/\/mspontocom.com.br\/site\/acao-civil-publica-contra-a-china-pede-r-420-bilhoes-de-indenizacao-por-pandemia-do-coronavirus\/","title":{"rendered":"A\u00e7\u00e3o Civil P\u00fablica contra a China pede R$ 420 bilh\u00f5es de indeniza\u00e7\u00e3o por pandemia do coronav\u00edrus"},"content":{"rendered":"<p style=\"text-align: justify;\"><img loading=\"lazy\" class=\"alignnone size-full wp-image-148082\" src=\"https:\/\/mspontocom.com.br\/site\/wp-content\/uploads\/2020\/04\/site-acao-civil-publica-contra-a-china-pede-r-420-bilhoes-de-indenizacao-por-pandemia-do-coronavirus-china1-e1587469345576.jpg\" alt=\"\" width=\"790\" height=\"402\" srcset=\"https:\/\/mspontocom.com.br\/site\/wp-content\/uploads\/2020\/04\/site-acao-civil-publica-contra-a-china-pede-r-420-bilhoes-de-indenizacao-por-pandemia-do-coronavirus-china1-e1587469345576.jpg 790w, https:\/\/mspontocom.com.br\/site\/wp-content\/uploads\/2020\/04\/site-acao-civil-publica-contra-a-china-pede-r-420-bilhoes-de-indenizacao-por-pandemia-do-coronavirus-china1-e1587469345576-260x132.jpg 260w, https:\/\/mspontocom.com.br\/site\/wp-content\/uploads\/2020\/04\/site-acao-civil-publica-contra-a-china-pede-r-420-bilhoes-de-indenizacao-por-pandemia-do-coronavirus-china1-e1587469345576-768x391.jpg 768w\" sizes=\"(max-width: 790px) 100vw, 790px\" \/><\/p>\n<p style=\"text-align: justify;\">A Associa\u00e7\u00e3o Comercial de Cabo Frio-RJ entrou com A\u00e7\u00e3o Civil P\u00fablica contra a China e est\u00e1 pedindo na justi\u00e7a uma indeniza\u00e7\u00e3o de 420 bilh\u00f5es em favor do povo brasileiro devido aos desdobramentos da crise econ\u00f4mica causada pela pandemia do novo coronav\u00edrus (covid-19) e os preju\u00edzos \u00e0 atividade comercial.<\/p>\n<p>Segundo o advogado e consultor jur\u00eddico respons\u00e1vel pela a\u00e7\u00e3o, <strong>Dr. Anselmo Ferreira Melo Costa,<\/strong> a a\u00e7\u00e3o busca a repara\u00e7\u00e3o dos danos causados pelo novo coronav\u00edrus \u00e0 economia e a atividade comercial no Brasil: <span style=\"color: #ff0000;\">&#8220;como podemos observar, a atividade mundial parou. As pessoas come\u00e7aram a se isolar em suas casas, como medida de preven\u00e7\u00e3o e para evitar a dissemina\u00e7\u00e3o do novo coronav\u00edrus, levando a demiss\u00f5es em massa e crise financeira, sem contar ainda os danos \u00e0 sa\u00fade p\u00fablica e as milhares de v\u00edtimas do covid-19 que vieram a falecer.\u201d<\/span><\/p>\n<p style=\"text-align: justify;\"><b>A\u00e7\u00e3o pede R$ 420 bilh\u00f5es em indeniza\u00e7\u00e3o ao povo brasileiro<\/b><\/p>\n<p>Segundo o advogado, busca-se tamb\u00e9m reparar os danos que os cofres p\u00fablicos sofrer\u00e3o com a pandemia: <span style=\"color: #ff0000;\">&#8220;De acordo com o Minist\u00e9rio da Economia, foi feita a revis\u00e3o da proje\u00e7\u00e3o do PIB, em 2020, de 2,1% para 0,02%, como reflexo direto na meta de resultado prim\u00e1rio, o que aumentou a previs\u00e3o de d\u00e9ficit nas contas p\u00fablicas para R$ 419,2 bilh\u00f5es, devendo ent\u00e3o, quem deu causa a isso, no caso a China, reparar o dano material.\u201d<\/span><\/p>\n<p style=\"text-align: justify;\"><b>Governo Chin\u00eas responsabilizado<\/b><\/p>\n<p>A a\u00e7\u00e3o cita nominalmente, em face da Rep\u00fablica Popular da China, o presidente Xi Jinping, e a representa\u00e7\u00e3o do pa\u00eds no Brasil, a Embaixada da Rep\u00fablica Popular da China em Bras\u00edlia e o Embaixador, Yang Wanming:<span style=\"color: #ff0000;\"> \u201cDevido a neglig\u00eancia do governo chin\u00eas, s\u00e3o n\u00edtidas que as consequ\u00eancias da covid-19 v\u00e3o al\u00e9m da sa\u00fade da popula\u00e7\u00e3o, havendo grande desfalque econ\u00f4mico, d\u00e9ficits nos cofres p\u00fablicos, desemprego em massa, o que deixar\u00e1 toda popula\u00e7\u00e3o \u00e0 m\u00edngua e, muito provavelmente, crise na sa\u00fade p\u00fablica. O governo chin\u00eas precisa indenizar a popula\u00e7\u00e3o brasileira, pois tudo isto \u00e9 fruto da neglig\u00eancia deles.\u201d<\/span><\/p>\n<p><b>Desemprego e quarentena<\/b><\/p>\n<p>Na peti\u00e7\u00e3o, o Dr. Anselmo Melo aponta que nem todos os trabalhadores brasileiros podem estar em quarentena e trabalhar a partir de suas casas: \u201cExistem diversos setores onde n\u00e3o \u00e9 poss\u00edvel atuar em home office. Logo, as m\u00e1quinas est\u00e3o paradas, as vendas encerradas, o dinheiro n\u00e3o gira, e as d\u00edvidas aumentam a cada hora. O que temos como resultado \u00e9 um colapso total da economia, desemprego, grandes perdas e sofrimento em nosso pa\u00eds.\u201d<\/p>\n<p>&nbsp;<\/p>\n<p>fonte:\u00a0<b><span style=\"font-size: small;\"><i>Hebert Neri ,\u00a0<\/i><\/span><\/b>MF Press Global<\/p>\n","protected":false},"excerpt":{"rendered":"<p>A Associa\u00e7\u00e3o Comercial de Cabo Frio-RJ entrou com A\u00e7\u00e3o Civil P\u00fablica contra a China e est\u00e1 pedindo na justi\u00e7a uma indeniza\u00e7\u00e3o de 420 bilh\u00f5es em favor do povo brasileiro devido aos desdobramentos da crise econ\u00f4mica causada pela pandemia do novo coronav\u00edrus (covid-19) e os preju\u00edzos \u00e0 atividade comercial. Segundo o advogado e consultor jur\u00eddico respons\u00e1vel [&hellip;]<\/p>\n","protected":false},"author":2,"featured_media":148082,"comment_status":"open","ping_status":"open","sticky":false,"template":"","format":"standard","meta":{"_monsterinsights_skip_tracking":false,"_monsterinsights_sitenote_active":false,"_monsterinsights_sitenote_note":"","_monsterinsights_sitenote_category":0},"categories":[30260,7,30259,11],"tags":[35200,275,35017,1220,21835],"aioseo_notices":[],"_links":{"self":[{"href":"https:\/\/mspontocom.com.br\/site\/wp-json\/wp\/v2\/posts\/148081"}],"collection":[{"href":"https:\/\/mspontocom.com.br\/site\/wp-json\/wp\/v2\/posts"}],"about":[{"href":"https:\/\/mspontocom.com.br\/site\/wp-json\/wp\/v2\/types\/post"}],"author":[{"embeddable":true,"href":"https:\/\/mspontocom.com.br\/site\/wp-json\/wp\/v2\/users\/2"}],"replies":[{"embeddable":true,"href":"https:\/\/mspontocom.com.br\/site\/wp-json\/wp\/v2\/comments?post=148081"}],"version-history":[{"count":0,"href":"https:\/\/mspontocom.com.br\/site\/wp-json\/wp\/v2\/posts\/148081\/revisions"}],"wp:featuredmedia":[{"embeddable":true,"href":"https:\/\/mspontocom.com.br\/site\/wp-json\/wp\/v2\/media\/148082"}],"wp:attachment":[{"href":"https:\/\/mspontocom.com.br\/site\/wp-json\/wp\/v2\/media?parent=148081"}],"wp:term":[{"taxonomy":"category","embeddable":true,"href":"https:\/\/mspontocom.com.br\/site\/wp-json\/wp\/v2\/categories?post=148081"},{"taxonomy":"post_tag","embeddable":true,"href":"https:\/\/mspontocom.com.br\/site\/wp-json\/wp\/v2\/tags?post=148081"}],"curies":[{"name":"wp","href":"https:\/\/api.w.org\/{rel}","templated":true}]}}