{"id":148782,"date":"2020-05-20T07:04:30","date_gmt":"2020-05-20T11:04:30","guid":{"rendered":"https:\/\/mspontocom.com.br\/site\/?p=148782"},"modified":"2020-05-20T07:04:30","modified_gmt":"2020-05-20T11:04:30","slug":"embaixador-em-paris-diz-que-le-monde-engana-os-fatos-ao-atacar-bolsonaro","status":"publish","type":"post","link":"https:\/\/mspontocom.com.br\/site\/embaixador-em-paris-diz-que-le-monde-engana-os-fatos-ao-atacar-bolsonaro\/","title":{"rendered":"Embaixador em Paris diz que \u2018Le Monde\u2019 engana os fatos, ao atacar Bolsonaro"},"content":{"rendered":"<p style=\"text-align: justify;\"><img loading=\"lazy\" class=\"alignnone size-full wp-image-148784\" src=\"https:\/\/mspontocom.com.br\/site\/wp-content\/uploads\/2020\/05\/site-embaixador-em-paris-diz-que-le-monde-engana-os-fatos-ao-atacar-bolsonaro-lemonde-e1589972605558.jpg\" alt=\"\" width=\"732\" height=\"374\" srcset=\"https:\/\/mspontocom.com.br\/site\/wp-content\/uploads\/2020\/05\/site-embaixador-em-paris-diz-que-le-monde-engana-os-fatos-ao-atacar-bolsonaro-lemonde-e1589972605558.jpg 732w, https:\/\/mspontocom.com.br\/site\/wp-content\/uploads\/2020\/05\/site-embaixador-em-paris-diz-que-le-monde-engana-os-fatos-ao-atacar-bolsonaro-lemonde-e1589972605558-260x133.jpg 260w\" sizes=\"(max-width: 732px) 100vw, 732px\" \/><\/p>\n<p style=\"text-align: justify;\">\u00a0O embaixador em Paris, Lu\u00eds Fernando Serra, enviou carta em que responde a um editorial t\u00e3o preconceituoso quanto desinformado do jornal\u00a0<em>Le Monde<\/em>\u00a0sobre o presidente Jair Bolsonaro e o Brasil.<\/p>\n<p style=\"text-align: justify;\"><span style=\"color: #800000;\">\u201cEnganando os fatos, o<span style=\"color: #ff0000;\">\u00a0<em>Le Monde<\/em>\u00a0acaba acreditando nas fic\u00e7\u00f5es que cria\u201d<\/span><\/span>, afirma o embaixador ao final do seu texto, resumindo as \u201cfic\u00e7\u00f5es\u201d publicadas pelo jornal ligado a partidos de esquerda da Fran\u00e7a.<\/p>\n<p style=\"text-align: justify;\">Por essa raz\u00e3o, ele iniciou a carta afirmando ter lido o editorial sobre o Brasil \u201ccom indigna\u00e7\u00e3o, mas sem surpresa\u201d.<\/p>\n<p style=\"text-align: justify;\">Dentre as \u201cmuitas imprecis\u00f5es\u201d do editorial \u201cBrasil: o perigoso voo de Bolsonaro\u201d apontadas pelo embaixador est\u00e1 a tese da nega\u00e7\u00e3o. \u201c<span style=\"color: #ff0000;\">O presidente Bolsonaro nunca negou a exist\u00eancia do Covid-19. O que ele fez desde o in\u00edcio da crise da sa\u00fade \u00e9 tentar impedir que a histeria ou o p\u00e2nico se apoderem do povo\u201d,<\/span> disse Serra.<\/p>\n<p style=\"text-align: justify;\">Serra ainda ironiza o jornal parisiense afirmar sonhar com o dia, como brasileiro e embaixador, \u201cno dia em que seu jornal tratar\u00e1 um presidente do Brasil que n\u00e3o seja da esquerda com a considera\u00e7\u00e3o e o respeito que merece\u201d, escreveu, referindo-se aos comprometimentos ideol\u00f3gicos de\u00a0<em>Le Monde<\/em>.<\/p>\n<p>&nbsp;<\/p>\n<p>fonte: Di\u00e1rio do Poder<\/p>\n","protected":false},"excerpt":{"rendered":"<p>\u00a0O embaixador em Paris, Lu\u00eds Fernando Serra, enviou carta em que responde a um editorial t\u00e3o preconceituoso quanto desinformado do jornal\u00a0Le Monde\u00a0sobre o presidente Jair Bolsonaro e o Brasil. \u201cEnganando os fatos, o\u00a0Le Monde\u00a0acaba acreditando nas fic\u00e7\u00f5es que cria\u201d, afirma o embaixador ao final do seu texto, resumindo as \u201cfic\u00e7\u00f5es\u201d publicadas pelo jornal ligado a [&hellip;]<\/p>\n","protected":false},"author":2,"featured_media":148784,"comment_status":"open","ping_status":"open","sticky":false,"template":"","format":"standard","meta":{"_monsterinsights_skip_tracking":false,"_monsterinsights_sitenote_active":false,"_monsterinsights_sitenote_note":"","_monsterinsights_sitenote_category":0},"categories":[6,30260,7,30259,12],"tags":[21017,7989,24438,574],"aioseo_notices":[],"_links":{"self":[{"href":"https:\/\/mspontocom.com.br\/site\/wp-json\/wp\/v2\/posts\/148782"}],"collection":[{"href":"https:\/\/mspontocom.com.br\/site\/wp-json\/wp\/v2\/posts"}],"about":[{"href":"https:\/\/mspontocom.com.br\/site\/wp-json\/wp\/v2\/types\/post"}],"author":[{"embeddable":true,"href":"https:\/\/mspontocom.com.br\/site\/wp-json\/wp\/v2\/users\/2"}],"replies":[{"embeddable":true,"href":"https:\/\/mspontocom.com.br\/site\/wp-json\/wp\/v2\/comments?post=148782"}],"version-history":[{"count":0,"href":"https:\/\/mspontocom.com.br\/site\/wp-json\/wp\/v2\/posts\/148782\/revisions"}],"wp:featuredmedia":[{"embeddable":true,"href":"https:\/\/mspontocom.com.br\/site\/wp-json\/wp\/v2\/media\/148784"}],"wp:attachment":[{"href":"https:\/\/mspontocom.com.br\/site\/wp-json\/wp\/v2\/media?parent=148782"}],"wp:term":[{"taxonomy":"category","embeddable":true,"href":"https:\/\/mspontocom.com.br\/site\/wp-json\/wp\/v2\/categories?post=148782"},{"taxonomy":"post_tag","embeddable":true,"href":"https:\/\/mspontocom.com.br\/site\/wp-json\/wp\/v2\/tags?post=148782"}],"curies":[{"name":"wp","href":"https:\/\/api.w.org\/{rel}","templated":true}]}}