{"id":149759,"date":"2020-06-26T15:02:50","date_gmt":"2020-06-26T19:02:50","guid":{"rendered":"https:\/\/mspontocom.com.br\/site\/?p=149759"},"modified":"2020-06-26T10:13:53","modified_gmt":"2020-06-26T14:13:53","slug":"ufologia-brasil-sera-o-primeiro-pais-a-reconhecer-o-contato-extraterrestre-video","status":"publish","type":"post","link":"https:\/\/mspontocom.com.br\/site\/ufologia-brasil-sera-o-primeiro-pais-a-reconhecer-o-contato-extraterrestre-video\/","title":{"rendered":"Ufologia: Brasil ser\u00e1 o primeiro pa\u00eds a reconhecer o contato extraterrestre &#8211; V\u00eddeo"},"content":{"rendered":"<p><img loading=\"lazy\" class=\"alignnone size-full wp-image-149760\" src=\"https:\/\/mspontocom.com.br\/site\/wp-content\/uploads\/2020\/06\/site-ufologia-brasil-sera-o-primeiro-pais-a-reconhecer-o-contato-extraterrestre-video-fab-segue-ovni.jpg\" alt=\"\" width=\"580\" height=\"398\" srcset=\"https:\/\/mspontocom.com.br\/site\/wp-content\/uploads\/2020\/06\/site-ufologia-brasil-sera-o-primeiro-pais-a-reconhecer-o-contato-extraterrestre-video-fab-segue-ovni.jpg 580w, https:\/\/mspontocom.com.br\/site\/wp-content\/uploads\/2020\/06\/site-ufologia-brasil-sera-o-primeiro-pais-a-reconhecer-o-contato-extraterrestre-video-fab-segue-ovni-260x178.jpg 260w\" sizes=\"(max-width: 580px) 100vw, 580px\" \/><\/p>\n<p>Informa\u00e7\u00e3o sobre Ufologia\u00a0 atualizada, confirmada e sem fake news, procedente de todo o Brasil e do mundo, atrav\u00e9s da enorme rede nacional e internacional de contatos da Revista UFO (<b><a href=\"https:\/\/thilink.thiagoticchetti.com.br\/cl\/PIaDi\/BbOL\/5925\/F3jSwo-Ic_g\/BOFe\/Hxk8yIO-ANn\/1\/\" target=\"_blank\" rel=\"noopener\" data-saferedirecturl=\"https:\/\/www.google.com\/url?q=https:\/\/thilink.thiagoticchetti.com.br\/cl\/PIaDi\/BbOL\/5925\/F3jSwo-Ic_g\/BOFe\/Hxk8yIO-ANn\/1\/&amp;source=gmail&amp;ust=1593258666323000&amp;usg=AFQjCNFZPmghzylu_J-pjt3g1waK7cWBdg\">www.ufo.com.br<\/a><\/b>).<\/p>\n<p><b>Todas as quartas \u00e0s 20:00<br \/>\nEm\u00a0<u><a href=\"https:\/\/thilink.thiagoticchetti.com.br\/cl\/PIaDi\/BbOL\/5925\/F3jSwo-Ic_g\/BOFe\/FDODYFdaGQe\/1\/\" target=\"_blank\" rel=\"noopener\" data-saferedirecturl=\"https:\/\/www.google.com\/url?q=https:\/\/thilink.thiagoticchetti.com.br\/cl\/PIaDi\/BbOL\/5925\/F3jSwo-Ic_g\/BOFe\/FDODYFdaGQe\/1\/&amp;source=gmail&amp;ust=1593258666323000&amp;usg=AFQjCNGfTkt7ejj2TOPea6XY2Uf3FaQoeg\">www.youtube.com\/ajgevaerd<\/a><\/u><\/b><\/p>\n<div><b>Clique na imagem para assistir\u00a0ao programa de hoje \u00e0s 20h00<\/b><\/div>\n<div>\n<table border=\"0\" width=\"560\" cellspacing=\"0\" cellpadding=\"0\" align=\"left\">\n<tbody>\n<tr>\n<td width=\"100%\"><a href=\"https:\/\/thilink.thiagoticchetti.com.br\/cl\/PIaDi\/BbOL\/5925\/F3jSwo-Ic_g\/BOFe\/FDODYFdaGQe\/2\/\" target=\"_blank\" rel=\"noopener\" data-saferedirecturl=\"https:\/\/www.google.com\/url?q=https:\/\/thilink.thiagoticchetti.com.br\/cl\/PIaDi\/BbOL\/5925\/F3jSwo-Ic_g\/BOFe\/FDODYFdaGQe\/2\/&amp;source=gmail&amp;ust=1593258666324000&amp;usg=AFQjCNGc82uFLMyKUoPZpv-SkAu_NMem9g\"><img loading=\"lazy\" class=\"CToWUd\" src=\"https:\/\/ci3.googleusercontent.com\/proxy\/3a_-xXaJ772KbLHW3mY7wKlMHa__BzGC17g9mppqFc8eMPYhvi0x9Ni-6_yhxI7RlK8Ga2N3bn4sfWA4c2zGSPWoaA3lRR9Iv3w=s0-d-e1-ft#https:\/\/thiimage.thiagoticchetti.com.br\/v\/1b7L12ABF0211\" alt=\"Capa-home2\" width=\"560\" height=\"295\" \/><\/a><\/td>\n<\/tr>\n<\/tbody>\n<\/table>\n<\/div>\n<p><b>Assuntos desta edi\u00e7\u00e3o:<\/b>\u00a0O Brasil ser\u00e1 o primeiro pa\u00eds do mundo a reconhecer o contato extraterrestre, novos agroglifos na Europa, o dia mundial dos discos voadores.<\/p>\n<p><b>Entrevistado:<\/b>\u00a0Rodrigo Fuenzalida, uf\u00f3logo n\u00famero 1 do Chile<\/p>\n","protected":false},"excerpt":{"rendered":"<p>Informa\u00e7\u00e3o sobre Ufologia\u00a0 atualizada, confirmada e sem fake news, procedente de todo o Brasil e do mundo, atrav\u00e9s da enorme rede nacional e internacional de contatos da Revista UFO (www.ufo.com.br). Todas as quartas \u00e0s 20:00 Em\u00a0www.youtube.com\/ajgevaerd Clique na imagem para assistir\u00a0ao programa de hoje \u00e0s 20h00 Assuntos desta edi\u00e7\u00e3o:\u00a0O Brasil ser\u00e1 o primeiro pa\u00eds do [&hellip;]<\/p>\n","protected":false},"author":2,"featured_media":149760,"comment_status":"open","ping_status":"open","sticky":false,"template":"","format":"standard","meta":{"_monsterinsights_skip_tracking":false,"_monsterinsights_sitenote_active":false,"_monsterinsights_sitenote_note":"","_monsterinsights_sitenote_category":0},"categories":[7752],"tags":[30254,35551,35549,35550,34525,2735],"aioseo_notices":[],"_links":{"self":[{"href":"https:\/\/mspontocom.com.br\/site\/wp-json\/wp\/v2\/posts\/149759"}],"collection":[{"href":"https:\/\/mspontocom.com.br\/site\/wp-json\/wp\/v2\/posts"}],"about":[{"href":"https:\/\/mspontocom.com.br\/site\/wp-json\/wp\/v2\/types\/post"}],"author":[{"embeddable":true,"href":"https:\/\/mspontocom.com.br\/site\/wp-json\/wp\/v2\/users\/2"}],"replies":[{"embeddable":true,"href":"https:\/\/mspontocom.com.br\/site\/wp-json\/wp\/v2\/comments?post=149759"}],"version-history":[{"count":0,"href":"https:\/\/mspontocom.com.br\/site\/wp-json\/wp\/v2\/posts\/149759\/revisions"}],"wp:featuredmedia":[{"embeddable":true,"href":"https:\/\/mspontocom.com.br\/site\/wp-json\/wp\/v2\/media\/149760"}],"wp:attachment":[{"href":"https:\/\/mspontocom.com.br\/site\/wp-json\/wp\/v2\/media?parent=149759"}],"wp:term":[{"taxonomy":"category","embeddable":true,"href":"https:\/\/mspontocom.com.br\/site\/wp-json\/wp\/v2\/categories?post=149759"},{"taxonomy":"post_tag","embeddable":true,"href":"https:\/\/mspontocom.com.br\/site\/wp-json\/wp\/v2\/tags?post=149759"}],"curies":[{"name":"wp","href":"https:\/\/api.w.org\/{rel}","templated":true}]}}