{"id":149853,"date":"2022-06-26T15:40:17","date_gmt":"2022-06-26T19:40:17","guid":{"rendered":"https:\/\/mspontocom.com.br\/site\/?p=149853"},"modified":"2022-06-27T15:22:01","modified_gmt":"2022-06-27T19:22:01","slug":"alexandre-de-moraes-o-sensitivo-assista-ao-video","status":"publish","type":"post","link":"https:\/\/mspontocom.com.br\/site\/alexandre-de-moraes-o-sensitivo-assista-ao-video\/","title":{"rendered":"Alexandre de  Moraes, O sensitivo. Assista ao v\u00eddeo"},"content":{"rendered":"<p><img loading=\"lazy\" class=\"alignnone size-full wp-image-161896\" src=\"https:\/\/mspontocom.com.br\/site\/wp-content\/uploads\/2020\/06\/site-moraes-ja-foi-suspeito-de-receber-informacoes-privilegiadas-da-policia-federal-alexandre-de-moraes-na-sabatina-para-o-stf-1-1024x682-e1626870561478.jpg\" alt=\"\" width=\"1006\" height=\"647\" srcset=\"https:\/\/mspontocom.com.br\/site\/wp-content\/uploads\/2020\/06\/site-moraes-ja-foi-suspeito-de-receber-informacoes-privilegiadas-da-policia-federal-alexandre-de-moraes-na-sabatina-para-o-stf-1-1024x682-e1626870561478.jpg 1006w, https:\/\/mspontocom.com.br\/site\/wp-content\/uploads\/2020\/06\/site-moraes-ja-foi-suspeito-de-receber-informacoes-privilegiadas-da-policia-federal-alexandre-de-moraes-na-sabatina-para-o-stf-1-1024x682-e1626870561478-260x167.jpg 260w, https:\/\/mspontocom.com.br\/site\/wp-content\/uploads\/2020\/06\/site-moraes-ja-foi-suspeito-de-receber-informacoes-privilegiadas-da-policia-federal-alexandre-de-moraes-na-sabatina-para-o-stf-1-1024x682-e1626870561478-768x494.jpg 768w\" sizes=\"(max-width: 1006px) 100vw, 1006px\" \/><\/p>\n<p style=\"text-align: justify;\">\u00a0A internet levou as palavras <strong>\u201cBolsonaro sensitivo\u201d<\/strong> aos assuntos mais comentados do Twitter devido a supostas informa\u00e7\u00f5es privilegiadas que o presidente teria obtido no caso MEC.<\/p>\n<p style=\"text-align: justify;\">Mas em mar\u00e7o de 2016 o ent\u00e3o ministro da Justi\u00e7a, <strong>Alexandre Moraes (PSDB)<\/strong>,\u00a0 se encontrou com o superintendente da Pol\u00edcia Federal (PF) em S\u00e3o Paulo, Disney Rosseti dois dias antes de, numa conversa com integrantes de movimentos sociais, dizer que naquela semana haveria mais uma fase da Lava Jato.<strong>\u00a0 \u00a0 \u00a0( V\u00eddeo abaixo).<\/strong><\/p>\n<p style=\"text-align: justify;\">A declara\u00e7\u00e3o provocou suspeitas de que o ministro tivesse sido informado com anteced\u00eancia da Opera\u00e7\u00e3o Omert\u00e0, que resultou na pris\u00e3o do ex-ministro Antonio Palocci (PT) em 26 de mar\u00e7o de 2016.<\/p>\n<p style=\"text-align: justify;\"><span style=\"color: #ff0000;\">\u201cTeve a semana passada e esta semana vai ter mais, podem ficar tranquilos. Quando voc\u00eas virem esta semana, v\u00e3o se lembrar de mim\u201d,<\/span> disse o ministro, de acordo com o jornal\u00a0<em>O Estado de S. Paulo.<\/em><\/p>\n<p><iframe loading=\"lazy\" class=\"lazyloaded\" src=\"https:\/\/www.facebook.com\/plugins\/video.php?href=https%3A%2F%2Fwww.facebook.com%2FFalandoverdadesbr2%2Fvideos%2F1050704605044859%2F&amp;show_text=0&amp;width=560\" width=\"560\" height=\"315\" frameborder=\"0\" scrolling=\"no\" allowfullscreen=\"allowfullscreen\" data-rocket-lazyload=\"fitvidscompatible\" data-lazy-src=\"https:\/\/www.facebook.com\/plugins\/video.php?href=https%3A%2F%2Fwww.facebook.com%2FFalandoverdadesbr2%2Fvideos%2F1050704605044859%2F&amp;show_text=0&amp;width=560\" data-was-processed=\"true\"><\/iframe><\/p>\n","protected":false},"excerpt":{"rendered":"<p>Moraes , suspeito , informa\u00e7\u00f5es privilegiadas, Policia Federal<\/p>\n","protected":false},"author":2,"featured_media":161896,"comment_status":"open","ping_status":"open","sticky":false,"template":"","format":"standard","meta":{"_monsterinsights_skip_tracking":false,"_monsterinsights_sitenote_active":false,"_monsterinsights_sitenote_note":"","_monsterinsights_sitenote_category":0},"categories":[6,30260,30259],"tags":[26336,35571,35247,283,38109,3480],"aioseo_notices":[],"_links":{"self":[{"href":"https:\/\/mspontocom.com.br\/site\/wp-json\/wp\/v2\/posts\/149853"}],"collection":[{"href":"https:\/\/mspontocom.com.br\/site\/wp-json\/wp\/v2\/posts"}],"about":[{"href":"https:\/\/mspontocom.com.br\/site\/wp-json\/wp\/v2\/types\/post"}],"author":[{"embeddable":true,"href":"https:\/\/mspontocom.com.br\/site\/wp-json\/wp\/v2\/users\/2"}],"replies":[{"embeddable":true,"href":"https:\/\/mspontocom.com.br\/site\/wp-json\/wp\/v2\/comments?post=149853"}],"version-history":[{"count":5,"href":"https:\/\/mspontocom.com.br\/site\/wp-json\/wp\/v2\/posts\/149853\/revisions"}],"predecessor-version":[{"id":172042,"href":"https:\/\/mspontocom.com.br\/site\/wp-json\/wp\/v2\/posts\/149853\/revisions\/172042"}],"wp:featuredmedia":[{"embeddable":true,"href":"https:\/\/mspontocom.com.br\/site\/wp-json\/wp\/v2\/media\/161896"}],"wp:attachment":[{"href":"https:\/\/mspontocom.com.br\/site\/wp-json\/wp\/v2\/media?parent=149853"}],"wp:term":[{"taxonomy":"category","embeddable":true,"href":"https:\/\/mspontocom.com.br\/site\/wp-json\/wp\/v2\/categories?post=149853"},{"taxonomy":"post_tag","embeddable":true,"href":"https:\/\/mspontocom.com.br\/site\/wp-json\/wp\/v2\/tags?post=149853"}],"curies":[{"name":"wp","href":"https:\/\/api.w.org\/{rel}","templated":true}]}}