{"id":150227,"date":"2020-07-13T08:45:20","date_gmt":"2020-07-13T12:45:20","guid":{"rendered":"https:\/\/mspontocom.com.br\/site\/?p=150227"},"modified":"2020-07-13T07:36:53","modified_gmt":"2020-07-13T11:36:53","slug":"destruicao-florestal-na-europa-disparou-69-sem-criticas-de-ambientalistas","status":"publish","type":"post","link":"https:\/\/mspontocom.com.br\/site\/destruicao-florestal-na-europa-disparou-69-sem-criticas-de-ambientalistas\/","title":{"rendered":"Destrui\u00e7\u00e3o florestal na Europa disparou 69% sem cr\u00edticas de ambientalistas"},"content":{"rendered":"<p style=\"text-align: justify;\"><img loading=\"lazy\" class=\"alignnone size-full wp-image-150228\" src=\"https:\/\/mspontocom.com.br\/site\/wp-content\/uploads\/2020\/07\/site-destruicao-florestal-na-europa-disparou-69-sem-criticas-de-ambientalistas-incendio-forestal2-thegem-blog-default-e1594639779631.jpg\" alt=\"\" width=\"832\" height=\"489\" \/><\/p>\n<p style=\"text-align: justify;\">Receptiva a cr\u00edticas ao Brasil na \u00e1rea ambiental, sobretudo oriundos da Europa, a m\u00eddia brasileira ignorou levantamento da revista cient\u00edfica\u00a0<em>Nature<\/em>, divulgado h\u00e1 dez dias, indicando que o desmatamento cresceu 69% em 2018, na Uni\u00e3o Europeia.<\/p>\n<p style=\"text-align: justify;\">Enquanto o Brasil preserva 70% das florestas, na Europa mal chega aos 30%, se incluir \u00e1reas reflorestadas.<\/p>\n<p style=\"text-align: justify;\">Para a\u00a0<em>Nature<\/em>, a devasta\u00e7\u00e3o na Europa est\u00e1 ligada \u00e0 \u201crecente expans\u00e3o dos mercados da madeira\u201d, que ali\u00e1s \u00e9 rival da madeira da Amaz\u00f4nia.<\/p>\n<p style=\"text-align: justify;\">O estudo foi coordenado pelo cientista Guido Ceccherini, do Centro Comum de Investiga\u00e7\u00e3o, da Comiss\u00e3o Europeia, em Ispra (It\u00e1lia).<\/p>\n<p style=\"text-align: justify;\">Imagens de sat\u00e9lite revelam que a \u00e1rea devastada na Europa deve afetar a biodiversidade, provocar eros\u00e3o e amea\u00e7ar mananciais (fontes d\u2019\u00e1gua).<\/p>\n<p style=\"text-align: justify;\">Su\u00e9cia, Finl\u00e2ndia, Espanha, Fran\u00e7a e Alemanha t\u00eam mais florestas na Europa. Mas s\u00f3 na Fran\u00e7a de Macron, o desmatamento cresceu 30%.<\/p>\n<p style=\"text-align: justify;\">Em Portugal, cuja imprensa reproduz ataques e mentiras contra o Brasil, a \u201cdefloresta\u00e7\u00e3o\u201d cresceu 56%.<\/p>\n<p style=\"text-align: justify;\">A informa\u00e7\u00e3o \u00e9 da Coluna Cl\u00e1udio Humberto, do\u00a0<strong>Di\u00e1rio do Poder<\/strong>.<\/p>\n<p>&nbsp;<\/p>\n<p>foto: Penta 3<\/p>\n","protected":false},"excerpt":{"rendered":"<p>Receptiva a cr\u00edticas ao Brasil na \u00e1rea ambiental, sobretudo oriundos da Europa, a m\u00eddia brasileira ignorou levantamento da revista cient\u00edfica\u00a0Nature, divulgado h\u00e1 dez dias, indicando que o desmatamento cresceu 69% em 2018, na Uni\u00e3o Europeia. Enquanto o Brasil preserva 70% das florestas, na Europa mal chega aos 30%, se incluir \u00e1reas reflorestadas. Para a\u00a0Nature, a [&hellip;]<\/p>\n","protected":false},"author":2,"featured_media":150228,"comment_status":"open","ping_status":"open","sticky":false,"template":"","format":"standard","meta":{"_monsterinsights_skip_tracking":false,"_monsterinsights_sitenote_active":false,"_monsterinsights_sitenote_note":"","_monsterinsights_sitenote_category":0},"categories":[30260,7,30259],"tags":[6383,35630,1921,34317],"aioseo_notices":[],"_links":{"self":[{"href":"https:\/\/mspontocom.com.br\/site\/wp-json\/wp\/v2\/posts\/150227"}],"collection":[{"href":"https:\/\/mspontocom.com.br\/site\/wp-json\/wp\/v2\/posts"}],"about":[{"href":"https:\/\/mspontocom.com.br\/site\/wp-json\/wp\/v2\/types\/post"}],"author":[{"embeddable":true,"href":"https:\/\/mspontocom.com.br\/site\/wp-json\/wp\/v2\/users\/2"}],"replies":[{"embeddable":true,"href":"https:\/\/mspontocom.com.br\/site\/wp-json\/wp\/v2\/comments?post=150227"}],"version-history":[{"count":0,"href":"https:\/\/mspontocom.com.br\/site\/wp-json\/wp\/v2\/posts\/150227\/revisions"}],"wp:featuredmedia":[{"embeddable":true,"href":"https:\/\/mspontocom.com.br\/site\/wp-json\/wp\/v2\/media\/150228"}],"wp:attachment":[{"href":"https:\/\/mspontocom.com.br\/site\/wp-json\/wp\/v2\/media?parent=150227"}],"wp:term":[{"taxonomy":"category","embeddable":true,"href":"https:\/\/mspontocom.com.br\/site\/wp-json\/wp\/v2\/categories?post=150227"},{"taxonomy":"post_tag","embeddable":true,"href":"https:\/\/mspontocom.com.br\/site\/wp-json\/wp\/v2\/tags?post=150227"}],"curies":[{"name":"wp","href":"https:\/\/api.w.org\/{rel}","templated":true}]}}