{"id":150828,"date":"2020-08-05T13:49:57","date_gmt":"2020-08-05T17:49:57","guid":{"rendered":"https:\/\/mspontocom.com.br\/site\/?p=150828"},"modified":"2020-08-05T13:49:57","modified_gmt":"2020-08-05T17:49:57","slug":"bolsonaro-diz-que-brasil-fara-mais-que-um-gesto-para-ajudar-povo-libanes","status":"publish","type":"post","link":"https:\/\/mspontocom.com.br\/site\/bolsonaro-diz-que-brasil-fara-mais-que-um-gesto-para-ajudar-povo-libanes\/","title":{"rendered":"Bolsonaro diz que Brasil far\u00e1 mais que um gesto para ajudar povo liban\u00eas"},"content":{"rendered":"<p style=\"text-align: justify;\"><img loading=\"lazy\" class=\"alignnone size-full wp-image-150829\" src=\"https:\/\/mspontocom.com.br\/site\/wp-content\/uploads\/2020\/08\/site-bolsonaro-diz-que-brasil-fara-mais-que-um-gesto-para-ajudar-povo-libanes-beirute.jpg\" alt=\"\" width=\"512\" height=\"271\" srcset=\"https:\/\/mspontocom.com.br\/site\/wp-content\/uploads\/2020\/08\/site-bolsonaro-diz-que-brasil-fara-mais-que-um-gesto-para-ajudar-povo-libanes-beirute.jpg 512w, https:\/\/mspontocom.com.br\/site\/wp-content\/uploads\/2020\/08\/site-bolsonaro-diz-que-brasil-fara-mais-que-um-gesto-para-ajudar-povo-libanes-beirute-260x138.jpg 260w\" sizes=\"(max-width: 512px) 100vw, 512px\" \/><\/p>\n<p style=\"text-align: justify;\">O presidente Jair Bolsonaro disse hoje (5) que contatou o embaixador do L\u00edbano no Brasil, Joseph Sayah, para manifestar sua solidariedade ao povo liban\u00eas.<\/p>\n<p style=\"text-align: justify;\">Segundo o presidente, o Brasil far\u00e1 \u201calgo de concreto\u201d para ajudar a popula\u00e7\u00e3o daquele pa\u00eds, ap\u00f3s a\u00a0explos\u00e3o ocorrida no porto da capital Beirute.<img src=\"https:\/\/agenciabrasil.ebc.com.br\/ebc.png?id=1313014&amp;o=node\" data-pin-no-hover=\"true\" \/><img src=\"https:\/\/agenciabrasil.ebc.com.br\/ebc.gif?id=1313014&amp;o=node\" data-pin-no-hover=\"true\" \/><\/p>\n<p style=\"text-align: justify;\">Ao lembrar que h\u00e1 no Brasil mais de 5 milh\u00f5es de libaneses, Bolsonaro disse ter feito contato Sayah para dizer que o Brasil \u201cvai fazer mais do que um gesto\u201d em favor do povo liban\u00eas.<\/p>\n<p style=\"text-align: justify;\"><strong>\u201cFaremos algo de concreto para atender em parte aquelas dezenas de milhares de pessoas que est\u00e3o em situa\u00e7\u00e3o complicada porque al\u00e9m de feridas tiveram resid\u00eancias atingidas\u201d<\/strong>, declarou o presidente.<\/p>\n<p style=\"text-align: justify;\">\u201cO Brasil est\u00e1 solid\u00e1rio e manifestamos esse sentimento ao povo liban\u00eas. Estaremos presentes nessa ajuda \u00e0quele povo que tem alguns milh\u00f5es de seus dentro do nosso pa\u00eds\u201d, acrescentou.<\/p>\n<p style=\"text-align: justify;\">(Com informa\u00e7\u00f5es da\u00a0<em>Ag\u00eancia Brasil<\/em>)<\/p>\n","protected":false},"excerpt":{"rendered":"<p>O presidente Jair Bolsonaro disse hoje (5) que contatou o embaixador do L\u00edbano no Brasil, Joseph Sayah, para manifestar sua solidariedade ao povo liban\u00eas. Segundo o presidente, o Brasil far\u00e1 \u201calgo de concreto\u201d para ajudar a popula\u00e7\u00e3o daquele pa\u00eds, ap\u00f3s a\u00a0explos\u00e3o ocorrida no porto da capital Beirute. Ao lembrar que h\u00e1 no Brasil mais de [&hellip;]<\/p>\n","protected":false},"author":2,"featured_media":150829,"comment_status":"open","ping_status":"open","sticky":false,"template":"","format":"standard","meta":{"_monsterinsights_skip_tracking":false,"_monsterinsights_sitenote_active":false,"_monsterinsights_sitenote_note":"","_monsterinsights_sitenote_category":0},"categories":[30260,7,30259],"tags":[21017,35743,5347,35741,35742],"aioseo_notices":[],"_links":{"self":[{"href":"https:\/\/mspontocom.com.br\/site\/wp-json\/wp\/v2\/posts\/150828"}],"collection":[{"href":"https:\/\/mspontocom.com.br\/site\/wp-json\/wp\/v2\/posts"}],"about":[{"href":"https:\/\/mspontocom.com.br\/site\/wp-json\/wp\/v2\/types\/post"}],"author":[{"embeddable":true,"href":"https:\/\/mspontocom.com.br\/site\/wp-json\/wp\/v2\/users\/2"}],"replies":[{"embeddable":true,"href":"https:\/\/mspontocom.com.br\/site\/wp-json\/wp\/v2\/comments?post=150828"}],"version-history":[{"count":0,"href":"https:\/\/mspontocom.com.br\/site\/wp-json\/wp\/v2\/posts\/150828\/revisions"}],"wp:featuredmedia":[{"embeddable":true,"href":"https:\/\/mspontocom.com.br\/site\/wp-json\/wp\/v2\/media\/150829"}],"wp:attachment":[{"href":"https:\/\/mspontocom.com.br\/site\/wp-json\/wp\/v2\/media?parent=150828"}],"wp:term":[{"taxonomy":"category","embeddable":true,"href":"https:\/\/mspontocom.com.br\/site\/wp-json\/wp\/v2\/categories?post=150828"},{"taxonomy":"post_tag","embeddable":true,"href":"https:\/\/mspontocom.com.br\/site\/wp-json\/wp\/v2\/tags?post=150828"}],"curies":[{"name":"wp","href":"https:\/\/api.w.org\/{rel}","templated":true}]}}