{"id":151985,"date":"2020-09-23T12:59:30","date_gmt":"2020-09-23T16:59:30","guid":{"rendered":"https:\/\/mspontocom.com.br\/site\/?p=151985"},"modified":"2020-09-23T08:26:33","modified_gmt":"2020-09-23T12:26:33","slug":"bolsonaro-integra-lista-dos-100-mais-influentes-da-time-pelo-segundo-ano","status":"publish","type":"post","link":"https:\/\/mspontocom.com.br\/site\/bolsonaro-integra-lista-dos-100-mais-influentes-da-time-pelo-segundo-ano\/","title":{"rendered":"Bolsonaro integra lista dos \u201c100 mais influentes\u201d da Time pelo segundo ano"},"content":{"rendered":"<p style=\"text-align: justify;\"><img loading=\"lazy\" class=\"alignnone size-full wp-image-151986\" src=\"https:\/\/mspontocom.com.br\/site\/wp-content\/uploads\/2020\/09\/site-bolsonaro-integra-lista-dos-100-mais-influentes-da-time-pelo-segundo-ano-time.jpg\" alt=\"\" width=\"488\" height=\"275\" srcset=\"https:\/\/mspontocom.com.br\/site\/wp-content\/uploads\/2020\/09\/site-bolsonaro-integra-lista-dos-100-mais-influentes-da-time-pelo-segundo-ano-time.jpg 488w, https:\/\/mspontocom.com.br\/site\/wp-content\/uploads\/2020\/09\/site-bolsonaro-integra-lista-dos-100-mais-influentes-da-time-pelo-segundo-ano-time-260x147.jpg 260w\" sizes=\"(max-width: 488px) 100vw, 488px\" \/><\/p>\n<p style=\"text-align: justify;\">O presidente Jair Bolsonaro aparece pelo segundo ano seguido na lista de 100 pessoas mais influentes da Revista Time \u2013\u00a0 na categoria &#8220;l\u00edderes&#8221;.<\/p>\n<p style=\"text-align: justify;\">O presidente\u00a0 divide a lista com, entre outros nomes, o presidente norte-americano Donald Trump, o candidato democrata Joe Biden, o premi\u00ea indiano Narendra Modi, a chanceler alem\u00e3 Angela Merkel e o presidente da Organiza\u00e7\u00e3o Mundial de Sa\u00fade (OMS), Tedros Adhanom Ghebreyesus.<\/p>\n<p style=\"text-align: justify;\">O texto que indica Bolsonaro<strong>\u00a0<\/strong>\u00e0 lista \u00e9 escrito pelo editor de assuntos internacionais da revista, Dan Stewart.<\/p>\n<p style=\"text-align: justify;\">\u00a0Para Stewart, o n\u00famero definidor de Bolsonaro \u00e9 37 \u2013 que \u00e9 a porcentagem de brasileiros que o aprovam, segundo uma pesquisa no final de agosto.<\/p>\n","protected":false},"excerpt":{"rendered":"<p>O presidente Jair Bolsonaro aparece pelo segundo ano seguido na lista de 100 pessoas mais influentes da Revista Time \u2013\u00a0 na categoria &#8220;l\u00edderes&#8221;. O presidente\u00a0 divide a lista com, entre outros nomes, o presidente norte-americano Donald Trump, o candidato democrata Joe Biden, o premi\u00ea indiano Narendra Modi, a chanceler alem\u00e3 Angela Merkel e o presidente [&hellip;]<\/p>\n","protected":false},"author":2,"featured_media":151986,"comment_status":"open","ping_status":"open","sticky":false,"template":"","format":"standard","meta":{"_monsterinsights_skip_tracking":false,"_monsterinsights_sitenote_active":false,"_monsterinsights_sitenote_note":"","_monsterinsights_sitenote_category":0},"categories":[7,30259],"tags":[33690,21017,2876,23657],"aioseo_notices":[],"_links":{"self":[{"href":"https:\/\/mspontocom.com.br\/site\/wp-json\/wp\/v2\/posts\/151985"}],"collection":[{"href":"https:\/\/mspontocom.com.br\/site\/wp-json\/wp\/v2\/posts"}],"about":[{"href":"https:\/\/mspontocom.com.br\/site\/wp-json\/wp\/v2\/types\/post"}],"author":[{"embeddable":true,"href":"https:\/\/mspontocom.com.br\/site\/wp-json\/wp\/v2\/users\/2"}],"replies":[{"embeddable":true,"href":"https:\/\/mspontocom.com.br\/site\/wp-json\/wp\/v2\/comments?post=151985"}],"version-history":[{"count":0,"href":"https:\/\/mspontocom.com.br\/site\/wp-json\/wp\/v2\/posts\/151985\/revisions"}],"wp:featuredmedia":[{"embeddable":true,"href":"https:\/\/mspontocom.com.br\/site\/wp-json\/wp\/v2\/media\/151986"}],"wp:attachment":[{"href":"https:\/\/mspontocom.com.br\/site\/wp-json\/wp\/v2\/media?parent=151985"}],"wp:term":[{"taxonomy":"category","embeddable":true,"href":"https:\/\/mspontocom.com.br\/site\/wp-json\/wp\/v2\/categories?post=151985"},{"taxonomy":"post_tag","embeddable":true,"href":"https:\/\/mspontocom.com.br\/site\/wp-json\/wp\/v2\/tags?post=151985"}],"curies":[{"name":"wp","href":"https:\/\/api.w.org\/{rel}","templated":true}]}}