{"id":152116,"date":"2020-09-28T13:05:09","date_gmt":"2020-09-28T17:05:09","guid":{"rendered":"https:\/\/mspontocom.com.br\/site\/?p=152116"},"modified":"2020-09-28T13:05:09","modified_gmt":"2020-09-28T17:05:09","slug":"embaixada-dos-eua-realiza-palestra-virtual-gratuita-sobre-eleicoes-americanas","status":"publish","type":"post","link":"https:\/\/mspontocom.com.br\/site\/embaixada-dos-eua-realiza-palestra-virtual-gratuita-sobre-eleicoes-americanas\/","title":{"rendered":"Embaixada dos EUA realiza palestra virtual gratuita sobre elei\u00e7\u00f5es americanas"},"content":{"rendered":"<p style=\"text-align: justify;\"><span lang=\"PT-BR\"><img loading=\"lazy\" class=\"alignnone size-full wp-image-152117\" src=\"https:\/\/mspontocom.com.br\/site\/wp-content\/uploads\/2020\/09\/site-embaixada-dos-eua-realizam-palestra-virtual-sobre-eleicoes-americanas-eua.png\" alt=\"\" width=\"720\" height=\"378\" srcset=\"https:\/\/mspontocom.com.br\/site\/wp-content\/uploads\/2020\/09\/site-embaixada-dos-eua-realizam-palestra-virtual-sobre-eleicoes-americanas-eua.png 720w, https:\/\/mspontocom.com.br\/site\/wp-content\/uploads\/2020\/09\/site-embaixada-dos-eua-realizam-palestra-virtual-sobre-eleicoes-americanas-eua-260x137.png 260w\" sizes=\"(max-width: 720px) 100vw, 720px\" \/><\/span><\/p>\n<p style=\"text-align: justify;\"><span lang=\"PT-BR\">A Embaixada e os Consulados dos Estados Unidos no Brasil, com o apoio da Universidade Federal de Minas Gerais \u2013 UFMG, realizam uma palestra virtual sobre as elei\u00e7\u00f5es americanas, intitulada\u00a0<\/span><span lang=\"PT-BR\">\u201cElei\u00e7\u00f5es nos EUA: Uma vis\u00e3o Geral\u201d, <strong>no dia 30 de setembro, a partir das 18h<\/strong><\/span><strong><span lang=\"PT-BR\">. <\/span><\/strong><\/p>\n<p style=\"text-align: justify;\"><span lang=\"PT-BR\">A palestra \u00e9 gratuita, com tradu\u00e7\u00e3o simult\u00e2nea,<\/span><span lang=\"PT-BR\">\u00a0para Libras e legendas ao vivo.<\/span><span lang=\"PT-BR\">\u00a0<\/span><b><span lang=\"PT-BR\">\u00a0<\/span><\/b><\/p>\n<p style=\"text-align: justify;\"><span lang=\"PT-BR\">O convidado para ministrar essa palestra \u00e9 o americano, Akram Elias, fundador e presidente do Capital Communications Group, Inc. e tamb\u00e9m contar\u00e1 com a participa\u00e7\u00e3o dos moderadores professores Dawisson Lopes e Bruno Reis da UFMG.<\/span><span lang=\"PT-BR\">\u00a0<\/span><\/p>\n<h2 style=\"text-align: justify;\"><strong><span style=\"font-size: 12pt;\"><span lang=\"PT-BR\">Durante a palestra, os convidados ir\u00e3o discutir o sistema chamado de col\u00e9gio eleitoral.<\/span><\/span><span lang=\"PT-BR\" style=\"font-size: 12pt;\">\u00a0<\/span><\/strong><\/h2>\n<h2 style=\"text-align: justify;\"><span lang=\"PT-BR\" style=\"font-size: 12pt;\">Para participar, acesse o site e fa\u00e7a a inscri\u00e7\u00e3o:\u00a0<\/span><\/h2>\n<h2 style=\"text-align: justify;\"><span style=\"font-size: 12pt;\"><a href=\"https:\/\/app.workr.com.br\/LinkOpen.aspx?mid=726a7d24-fd18-4e90-ac08-84c9630e2a50&amp;lid=G7oqAZ\/SGKtPiOB2MzFrUQ==\" target=\"_blank\" rel=\"noopener\" data-saferedirecturl=\"https:\/\/www.google.com\/url?q=https:\/\/app.workr.com.br\/LinkOpen.aspx?mid%3D726a7d24-fd18-4e90-ac08-84c9630e2a50%26lid%3DG7oqAZ\/SGKtPiOB2MzFrUQ%3D%3D&amp;source=gmail&amp;ust=1601398592786000&amp;usg=AFQjCNHq1x32lYRpKHQELOf0Y64gxE6F7g\"><span lang=\"PT-BR\">https:\/\/congresse.me\/eventos\/<wbr \/>elections<\/span><\/a><a href=\"https:\/\/app.workr.com.br\/LinkOpen.aspx?mid=726a7d24-fd18-4e90-ac08-84c9630e2a50&amp;lid=G7oqAZ\/SGKtPiOB2MzFrUQ==\" target=\"_blank\" rel=\"noopener\" data-saferedirecturl=\"https:\/\/www.google.com\/url?q=https:\/\/app.workr.com.br\/LinkOpen.aspx?mid%3D726a7d24-fd18-4e90-ac08-84c9630e2a50%26lid%3DG7oqAZ\/SGKtPiOB2MzFrUQ%3D%3D&amp;source=gmail&amp;ust=1601398592786000&amp;usg=AFQjCNHq1x32lYRpKHQELOf0Y64gxE6F7g\"><b><span lang=\"PT-BR\">\u00a0<\/span><\/b><\/a><\/span><\/h2>\n<p style=\"text-align: justify;\"><span lang=\"PT-BR\">\u00a0<\/span><\/p>\n<h2 style=\"text-align: justify;\"><\/h2>\n<h2><\/h2>\n","protected":false},"excerpt":{"rendered":"<p>A Embaixada e os Consulados dos Estados Unidos no Brasil, com o apoio da Universidade Federal de Minas Gerais \u2013 UFMG, realizam uma palestra virtual sobre as elei\u00e7\u00f5es americanas, intitulada\u00a0\u201cElei\u00e7\u00f5es nos EUA: Uma vis\u00e3o Geral\u201d, no dia 30 de setembro, a partir das 18h. A palestra \u00e9 gratuita, com tradu\u00e7\u00e3o simult\u00e2nea,\u00a0para Libras e legendas ao [&hellip;]<\/p>\n","protected":false},"author":2,"featured_media":152117,"comment_status":"open","ping_status":"open","sticky":false,"template":"","format":"standard","meta":{"_monsterinsights_skip_tracking":false,"_monsterinsights_sitenote_active":false,"_monsterinsights_sitenote_note":"","_monsterinsights_sitenote_category":0},"categories":[7],"tags":[3309,4999,3759,1539,215],"aioseo_notices":[],"_links":{"self":[{"href":"https:\/\/mspontocom.com.br\/site\/wp-json\/wp\/v2\/posts\/152116"}],"collection":[{"href":"https:\/\/mspontocom.com.br\/site\/wp-json\/wp\/v2\/posts"}],"about":[{"href":"https:\/\/mspontocom.com.br\/site\/wp-json\/wp\/v2\/types\/post"}],"author":[{"embeddable":true,"href":"https:\/\/mspontocom.com.br\/site\/wp-json\/wp\/v2\/users\/2"}],"replies":[{"embeddable":true,"href":"https:\/\/mspontocom.com.br\/site\/wp-json\/wp\/v2\/comments?post=152116"}],"version-history":[{"count":0,"href":"https:\/\/mspontocom.com.br\/site\/wp-json\/wp\/v2\/posts\/152116\/revisions"}],"wp:featuredmedia":[{"embeddable":true,"href":"https:\/\/mspontocom.com.br\/site\/wp-json\/wp\/v2\/media\/152117"}],"wp:attachment":[{"href":"https:\/\/mspontocom.com.br\/site\/wp-json\/wp\/v2\/media?parent=152116"}],"wp:term":[{"taxonomy":"category","embeddable":true,"href":"https:\/\/mspontocom.com.br\/site\/wp-json\/wp\/v2\/categories?post=152116"},{"taxonomy":"post_tag","embeddable":true,"href":"https:\/\/mspontocom.com.br\/site\/wp-json\/wp\/v2\/tags?post=152116"}],"curies":[{"name":"wp","href":"https:\/\/api.w.org\/{rel}","templated":true}]}}