{"id":152208,"date":"2020-10-01T07:02:10","date_gmt":"2020-10-01T11:02:10","guid":{"rendered":"https:\/\/mspontocom.com.br\/site\/?p=152208"},"modified":"2020-10-01T07:02:10","modified_gmt":"2020-10-01T11:02:10","slug":"justica-argentina-confirma-processo-contra-cristina-kirchner-por-corrupcao","status":"publish","type":"post","link":"https:\/\/mspontocom.com.br\/site\/justica-argentina-confirma-processo-contra-cristina-kirchner-por-corrupcao\/","title":{"rendered":"Justi\u00e7a argentina confirma processo contra Cristina Kirchner por corrup\u00e7\u00e3o"},"content":{"rendered":"<p style=\"text-align: justify;\"><img loading=\"lazy\" class=\"alignnone size-full wp-image-152209\" src=\"https:\/\/mspontocom.com.br\/site\/wp-content\/uploads\/2020\/10\/site-justica-argentina-confirma-processo-contra-cristina-kirchner-por-corrupcao-bolsonarocristin-516c6a9ffe89ae8d54e4771713571eb3-1200x600-e1601550064342.jpg\" alt=\"\" width=\"1068\" height=\"564\" srcset=\"https:\/\/mspontocom.com.br\/site\/wp-content\/uploads\/2020\/10\/site-justica-argentina-confirma-processo-contra-cristina-kirchner-por-corrupcao-bolsonarocristin-516c6a9ffe89ae8d54e4771713571eb3-1200x600-e1601550064342.jpg 1068w, https:\/\/mspontocom.com.br\/site\/wp-content\/uploads\/2020\/10\/site-justica-argentina-confirma-processo-contra-cristina-kirchner-por-corrupcao-bolsonarocristin-516c6a9ffe89ae8d54e4771713571eb3-1200x600-e1601550064342-260x137.jpg 260w, https:\/\/mspontocom.com.br\/site\/wp-content\/uploads\/2020\/10\/site-justica-argentina-confirma-processo-contra-cristina-kirchner-por-corrupcao-bolsonarocristin-516c6a9ffe89ae8d54e4771713571eb3-1200x600-e1601550064342-768x406.jpg 768w, https:\/\/mspontocom.com.br\/site\/wp-content\/uploads\/2020\/10\/site-justica-argentina-confirma-processo-contra-cristina-kirchner-por-corrupcao-bolsonarocristin-516c6a9ffe89ae8d54e4771713571eb3-1200x600-e1601550064342-1024x541.jpg 1024w\" sizes=\"(max-width: 1068px) 100vw, 1068px\" \/>A C\u00e2mara Federal de Cassa\u00e7\u00e3o Penal da Argentina confirmou\u00a0 o processo contra a ex-presidente e atual vice-presidente do pa\u00eds, <strong>Cristina Kirchner<\/strong>, pelo suposto pagamento de propina relacionado \u00e0 arrecada\u00e7\u00e3o de recursos il\u00edcitos no &#8220;caso dos cadernos&#8221;, segundo fontes judiciais.<\/p>\n<p style=\"text-align: justify;\">A confirma\u00e7\u00e3o do processo tamb\u00e9m afeta Julio De Vido, ministro de Planejamento e Obras P\u00fablicas entre 2003 e 2015; Nelson Periotti, ex-diretor do Departamento Nacional de Estradas, e v\u00e1rios empres\u00e1rios vinculados \u00e0 constru\u00e7\u00e3o civil, como Carlos Wagner e Osvaldo de Sousa, entre outros.<\/p>\n<p style=\"text-align: justify;\">Todos s\u00e3o acusados por suposta associa\u00e7\u00e3o il\u00edcita em 175 casos de suborno passivo, ou seja, ter recebido propina com a inten\u00e7\u00e3o de favorecer os empres\u00e1rios na concess\u00e3o de obras p\u00fablicas estatais entre 2003 e 2015.<\/p>\n<p style=\"text-align: justify;\">A carteliza\u00e7\u00e3o de obras p\u00fablicas \u00e9 um dos casos derivados da linha principal do &#8220;caso dos cadernos&#8221;, centrado na suposta exist\u00eancia, durante os governos de N\u00e9stor e Cristina Kirchner (2003-2015), de uma conspira\u00e7\u00e3o de pagamentos de propina milion\u00e1rios de empres\u00e1rios de obras p\u00fablicas a funcion\u00e1rios de alto cargo do governo, incluindo o pr\u00f3prio casal presidencial.<\/p>\n","protected":false},"excerpt":{"rendered":"<p>A C\u00e2mara Federal de Cassa\u00e7\u00e3o Penal da Argentina confirmou\u00a0 o processo contra a ex-presidente e atual vice-presidente do pa\u00eds, Cristina Kirchner, pelo suposto pagamento de propina relacionado \u00e0 arrecada\u00e7\u00e3o de recursos il\u00edcitos no &#8220;caso dos cadernos&#8221;, segundo fontes judiciais. A confirma\u00e7\u00e3o do processo tamb\u00e9m afeta Julio De Vido, ministro de Planejamento e Obras P\u00fablicas entre [&hellip;]<\/p>\n","protected":false},"author":2,"featured_media":152209,"comment_status":"open","ping_status":"open","sticky":false,"template":"","format":"standard","meta":{"_monsterinsights_skip_tracking":false,"_monsterinsights_sitenote_active":false,"_monsterinsights_sitenote_note":"","_monsterinsights_sitenote_category":0},"categories":[30260,7,30259],"tags":[327,2033,35988],"aioseo_notices":[],"_links":{"self":[{"href":"https:\/\/mspontocom.com.br\/site\/wp-json\/wp\/v2\/posts\/152208"}],"collection":[{"href":"https:\/\/mspontocom.com.br\/site\/wp-json\/wp\/v2\/posts"}],"about":[{"href":"https:\/\/mspontocom.com.br\/site\/wp-json\/wp\/v2\/types\/post"}],"author":[{"embeddable":true,"href":"https:\/\/mspontocom.com.br\/site\/wp-json\/wp\/v2\/users\/2"}],"replies":[{"embeddable":true,"href":"https:\/\/mspontocom.com.br\/site\/wp-json\/wp\/v2\/comments?post=152208"}],"version-history":[{"count":0,"href":"https:\/\/mspontocom.com.br\/site\/wp-json\/wp\/v2\/posts\/152208\/revisions"}],"wp:featuredmedia":[{"embeddable":true,"href":"https:\/\/mspontocom.com.br\/site\/wp-json\/wp\/v2\/media\/152209"}],"wp:attachment":[{"href":"https:\/\/mspontocom.com.br\/site\/wp-json\/wp\/v2\/media?parent=152208"}],"wp:term":[{"taxonomy":"category","embeddable":true,"href":"https:\/\/mspontocom.com.br\/site\/wp-json\/wp\/v2\/categories?post=152208"},{"taxonomy":"post_tag","embeddable":true,"href":"https:\/\/mspontocom.com.br\/site\/wp-json\/wp\/v2\/tags?post=152208"}],"curies":[{"name":"wp","href":"https:\/\/api.w.org\/{rel}","templated":true}]}}