{"id":155259,"date":"2021-01-07T05:23:35","date_gmt":"2021-01-07T09:23:35","guid":{"rendered":"https:\/\/mspontocom.com.br\/site\/?p=155259"},"modified":"2021-01-07T05:23:35","modified_gmt":"2021-01-07T09:23:35","slug":"venezuela-expressa-preocupacao-pelos-atos-de-violencia-nos-estados-unidos","status":"publish","type":"post","link":"https:\/\/mspontocom.com.br\/site\/venezuela-expressa-preocupacao-pelos-atos-de-violencia-nos-estados-unidos\/","title":{"rendered":"Venezuela expressa preocupa\u00e7\u00e3o pelos atos de viol\u00eancia nos Estados Unidos"},"content":{"rendered":"<p style=\"text-align: justify;\"><img loading=\"lazy\" class=\"alignnone size-full wp-image-155260\" src=\"https:\/\/mspontocom.com.br\/site\/wp-content\/uploads\/2021\/01\/site-venezuela-expressa-preocupacao-pelos-atos-de-violencia-nos-estados-unidos-maduro-e1610011362911.jpg\" alt=\"\" width=\"698\" height=\"512\" srcset=\"https:\/\/mspontocom.com.br\/site\/wp-content\/uploads\/2021\/01\/site-venezuela-expressa-preocupacao-pelos-atos-de-violencia-nos-estados-unidos-maduro-e1610011362911.jpg 698w, https:\/\/mspontocom.com.br\/site\/wp-content\/uploads\/2021\/01\/site-venezuela-expressa-preocupacao-pelos-atos-de-violencia-nos-estados-unidos-maduro-e1610011362911-260x191.jpg 260w\" sizes=\"(max-width: 698px) 100vw, 698px\" \/><\/p>\n<p style=\"text-align: justify;\">Jorge Arreaza, ministro das rela\u00e7\u00f5es exteriores da Venezuela, emitiu um comunicado na quarta-feira (6) afirmando que o pa\u00eds &#8220;expressa sua preocupa\u00e7\u00e3o pelos atos de viol\u00eancia que est\u00e3o ocorrendo na cidade de Washington&#8221;.<\/p>\n<p style=\"text-align: justify;\">Pelas redes sociais, o ex-vice-presidente venezuelano disse que o pa\u00eds &#8220;condena a polariza\u00e7\u00e3o pol\u00edtica e aspira que o povo americano possa abrir um novo caminho em dire\u00e7\u00e3o \u00e0 estabilidade e justi\u00e7a social&#8221;.<\/p>\n<p style=\"text-align: justify;\">A publica\u00e7\u00e3o foi compartilhada por <strong>Nicol\u00e1s Maduro<\/strong>, presidente venezuelano e opositor hist\u00f3rico dos Estados Unidos.<\/p>\n","protected":false},"excerpt":{"rendered":"<p>Jorge Arreaza, ministro das rela\u00e7\u00f5es exteriores da Venezuela, emitiu um comunicado na quarta-feira (6) afirmando que o pa\u00eds &#8220;expressa sua preocupa\u00e7\u00e3o pelos atos de viol\u00eancia que est\u00e3o ocorrendo na cidade de Washington&#8221;. Pelas redes sociais, o ex-vice-presidente venezuelano disse que o pa\u00eds &#8220;condena a polariza\u00e7\u00e3o pol\u00edtica e aspira que o povo americano possa abrir um [&hellip;]<\/p>\n","protected":false},"author":2,"featured_media":155260,"comment_status":"open","ping_status":"open","sticky":false,"template":"","format":"standard","meta":{"_monsterinsights_skip_tracking":false,"_monsterinsights_sitenote_active":false,"_monsterinsights_sitenote_note":"","_monsterinsights_sitenote_category":0},"categories":[30260,7,30259],"tags":[24619,300,1310,2712],"aioseo_notices":[],"_links":{"self":[{"href":"https:\/\/mspontocom.com.br\/site\/wp-json\/wp\/v2\/posts\/155259"}],"collection":[{"href":"https:\/\/mspontocom.com.br\/site\/wp-json\/wp\/v2\/posts"}],"about":[{"href":"https:\/\/mspontocom.com.br\/site\/wp-json\/wp\/v2\/types\/post"}],"author":[{"embeddable":true,"href":"https:\/\/mspontocom.com.br\/site\/wp-json\/wp\/v2\/users\/2"}],"replies":[{"embeddable":true,"href":"https:\/\/mspontocom.com.br\/site\/wp-json\/wp\/v2\/comments?post=155259"}],"version-history":[{"count":1,"href":"https:\/\/mspontocom.com.br\/site\/wp-json\/wp\/v2\/posts\/155259\/revisions"}],"predecessor-version":[{"id":155261,"href":"https:\/\/mspontocom.com.br\/site\/wp-json\/wp\/v2\/posts\/155259\/revisions\/155261"}],"wp:featuredmedia":[{"embeddable":true,"href":"https:\/\/mspontocom.com.br\/site\/wp-json\/wp\/v2\/media\/155260"}],"wp:attachment":[{"href":"https:\/\/mspontocom.com.br\/site\/wp-json\/wp\/v2\/media?parent=155259"}],"wp:term":[{"taxonomy":"category","embeddable":true,"href":"https:\/\/mspontocom.com.br\/site\/wp-json\/wp\/v2\/categories?post=155259"},{"taxonomy":"post_tag","embeddable":true,"href":"https:\/\/mspontocom.com.br\/site\/wp-json\/wp\/v2\/tags?post=155259"}],"curies":[{"name":"wp","href":"https:\/\/api.w.org\/{rel}","templated":true}]}}