{"id":155344,"date":"2021-01-09T05:48:06","date_gmt":"2021-01-09T09:48:06","guid":{"rendered":"https:\/\/mspontocom.com.br\/site\/?p=155344"},"modified":"2021-01-09T06:54:33","modified_gmt":"2021-01-09T10:54:33","slug":"biden-nomeia-critico-de-bolsonaro-para-cuidar-de-america-latina","status":"publish","type":"post","link":"https:\/\/mspontocom.com.br\/site\/biden-nomeia-critico-de-bolsonaro-para-cuidar-de-america-latina\/","title":{"rendered":"Biden nomeia cr\u00edtico de Bolsonaro para cuidar de Am\u00e9rica Latina"},"content":{"rendered":"<p style=\"text-align: justify;\"><img loading=\"lazy\" class=\"alignnone size-full wp-image-155345\" src=\"https:\/\/mspontocom.com.br\/site\/wp-content\/uploads\/2021\/01\/site-biden-nomeia-critico-de-bolsonaro-para-cuidar-de-america-latina-juan-e1610189610771.jpg\" alt=\"\" width=\"890\" height=\"570\" srcset=\"https:\/\/mspontocom.com.br\/site\/wp-content\/uploads\/2021\/01\/site-biden-nomeia-critico-de-bolsonaro-para-cuidar-de-america-latina-juan-e1610189610771.jpg 890w, https:\/\/mspontocom.com.br\/site\/wp-content\/uploads\/2021\/01\/site-biden-nomeia-critico-de-bolsonaro-para-cuidar-de-america-latina-juan-e1610189610771-260x167.jpg 260w, https:\/\/mspontocom.com.br\/site\/wp-content\/uploads\/2021\/01\/site-biden-nomeia-critico-de-bolsonaro-para-cuidar-de-america-latina-juan-e1610189610771-768x492.jpg 768w\" sizes=\"(max-width: 890px) 100vw, 890px\" \/>O presidente eleito dos EUA, <strong>Joe Biden<\/strong>, nomeou nesta sexta-feira (8) Juan Gonzalez como diretor s\u00eanior para o Hemisf\u00e9rio Ocidental no Conselho de Seguran\u00e7a Nacional &#8211;o que significa que ele ser\u00e1 respons\u00e1vel por assuntos ligados \u00e0 Am\u00e9rica Latina.<\/p>\n<p style=\"text-align: justify;\">Gonzalez \u00e9 cr\u00edtico da agenda ambiental do governo de <strong>Jair Bolsonaro<\/strong> , e declara\u00e7\u00f5es anteriores do indicado mostram que o tema pode trazer conflitos \u00e0 rela\u00e7\u00e3o entre EUA e Brasil.<\/p>\n<p style=\"text-align: justify;\">Em entrevista ao Washington Post, em outubro, disse que &#8220;em qualquer relacionamento que Biden tenha com l\u00edderes ao redor do mundo, a mudan\u00e7a clim\u00e1tica estar\u00e1 no topo dessa agenda, e isso inclui o Brasil&#8221;.<\/p>\n<p style=\"text-align: justify;\"><span style=\"color: #ff0000;\">&#8220;Qualquer pessoa que pensa que pode promover um relacionamento ambicioso com os Estados Unidos enquanto ignora quest\u00f5es importantes como mudan\u00e7a clim\u00e1tica, democracia e direitos humanos claramente n\u00e3o tem ouvido Joe Biden durante a campanha&#8221;<\/span>, afirmou.<\/p>\n<p style=\"text-align: justify;\">\u00a0Gonzalez foi diretor do Conselho de Seguran\u00e7a Nacional para assuntos relacionados \u00e0 Am\u00e9rica Latina entre 2011 e 2013, durante o governo de Barack Obama, do qual Biden foi vice.<\/p>\n<p style=\"text-align: justify;\">Em um artigo publicado na revista Americas Quarterly, em julho, Gonzalez disse que &#8220;a rela\u00e7\u00e3o Brasil-EUA tem enorme potencial sob o governo Biden&#8221;, mas questionou se a &#8220;lideran\u00e7a atual do Brasil est\u00e1 preparada para abordar os desafios monumentais de nosso tempo&#8221;.<\/p>\n<p style=\"text-align: justify;\">fonte: Folhapress<\/p>\n","protected":false},"excerpt":{"rendered":"<p>O presidente eleito dos EUA, Joe Biden, nomeou nesta sexta-feira (8) Juan Gonzalez como diretor s\u00eanior para o Hemisf\u00e9rio Ocidental no Conselho de Seguran\u00e7a Nacional &#8211;o que significa que ele ser\u00e1 respons\u00e1vel por assuntos ligados \u00e0 Am\u00e9rica Latina. Gonzalez \u00e9 cr\u00edtico da agenda ambiental do governo de Jair Bolsonaro , e declara\u00e7\u00f5es anteriores do indicado [&hellip;]<\/p>\n","protected":false},"author":2,"featured_media":155345,"comment_status":"open","ping_status":"open","sticky":false,"template":"","format":"standard","meta":{"_monsterinsights_skip_tracking":false,"_monsterinsights_sitenote_active":false,"_monsterinsights_sitenote_note":"","_monsterinsights_sitenote_category":0},"categories":[30260,7,30259],"tags":[4399,35986,21017,36692],"aioseo_notices":[],"_links":{"self":[{"href":"https:\/\/mspontocom.com.br\/site\/wp-json\/wp\/v2\/posts\/155344"}],"collection":[{"href":"https:\/\/mspontocom.com.br\/site\/wp-json\/wp\/v2\/posts"}],"about":[{"href":"https:\/\/mspontocom.com.br\/site\/wp-json\/wp\/v2\/types\/post"}],"author":[{"embeddable":true,"href":"https:\/\/mspontocom.com.br\/site\/wp-json\/wp\/v2\/users\/2"}],"replies":[{"embeddable":true,"href":"https:\/\/mspontocom.com.br\/site\/wp-json\/wp\/v2\/comments?post=155344"}],"version-history":[{"count":1,"href":"https:\/\/mspontocom.com.br\/site\/wp-json\/wp\/v2\/posts\/155344\/revisions"}],"predecessor-version":[{"id":155346,"href":"https:\/\/mspontocom.com.br\/site\/wp-json\/wp\/v2\/posts\/155344\/revisions\/155346"}],"wp:featuredmedia":[{"embeddable":true,"href":"https:\/\/mspontocom.com.br\/site\/wp-json\/wp\/v2\/media\/155345"}],"wp:attachment":[{"href":"https:\/\/mspontocom.com.br\/site\/wp-json\/wp\/v2\/media?parent=155344"}],"wp:term":[{"taxonomy":"category","embeddable":true,"href":"https:\/\/mspontocom.com.br\/site\/wp-json\/wp\/v2\/categories?post=155344"},{"taxonomy":"post_tag","embeddable":true,"href":"https:\/\/mspontocom.com.br\/site\/wp-json\/wp\/v2\/tags?post=155344"}],"curies":[{"name":"wp","href":"https:\/\/api.w.org\/{rel}","templated":true}]}}