{"id":155384,"date":"2021-01-11T06:29:38","date_gmt":"2021-01-11T10:29:38","guid":{"rendered":"https:\/\/mspontocom.com.br\/site\/?p=155384"},"modified":"2021-01-11T06:29:38","modified_gmt":"2021-01-11T10:29:38","slug":"parler-sai-do-ar-depois-de-acao-da-amazon-site-buscara-nova-hospedagem","status":"publish","type":"post","link":"https:\/\/mspontocom.com.br\/site\/parler-sai-do-ar-depois-de-acao-da-amazon-site-buscara-nova-hospedagem\/","title":{"rendered":"Parler sai do ar depois de a\u00e7\u00e3o da Amazon; site buscar\u00e1 nova hospedagem"},"content":{"rendered":"<p class=\"p1\" style=\"text-align: justify;\"><img loading=\"lazy\" class=\"alignnone size-full wp-image-155386\" src=\"https:\/\/mspontocom.com.br\/site\/wp-content\/uploads\/2021\/01\/site-parler-sai-do-ar-depois-de-acao-da-amazon-site-buscara-nova-hospedagem-logo-parler-e1610360927520.jpg\" alt=\"\" width=\"582\" height=\"297\" srcset=\"https:\/\/mspontocom.com.br\/site\/wp-content\/uploads\/2021\/01\/site-parler-sai-do-ar-depois-de-acao-da-amazon-site-buscara-nova-hospedagem-logo-parler-e1610360927520.jpg 582w, https:\/\/mspontocom.com.br\/site\/wp-content\/uploads\/2021\/01\/site-parler-sai-do-ar-depois-de-acao-da-amazon-site-buscara-nova-hospedagem-logo-parler-e1610360927520-260x133.jpg 260w\" sizes=\"(max-width: 582px) 100vw, 582px\" \/><\/p>\n<p class=\"p1\" style=\"text-align: justify;\">Depois de ser banida por Google e Apple, a rede social Parler passou a estar dispon\u00edvel para acesso apenas por meio de sua vers\u00e3o web.<\/p>\n<p class=\"p1\" style=\"text-align: justify;\">O acesso, no entanto, est\u00e1 atualmente indispon\u00edvel devido \u00e0 a\u00e7\u00e3o da Amazon, que suspendeu o servi\u00e7o de hospedagem da empresa.<\/p>\n<p class=\"p1\" style=\"text-align: justify;\">Quando o problema de armazenamento for resolvido, a vers\u00e3o web do Parler voltar\u00e1 a funcionar.<\/p>\n<p class=\"p1\" style=\"text-align: justify;\">Assim, ser\u00e1 poss\u00edvel criar novas contas e usar a rede social por meio de navegadores instalados em computadores, smartphones e tablets.<\/p>\n<p style=\"text-align: justify;\">De acordo com o fundador e CEO do Parler, John Matze, a rede social pode ficar fora do ar por at\u00e9 uma semana enquanto a empresa busca um novo local de hospedagem.<\/p>\n<p style=\"text-align: justify;\">O\u00a0aplicativo\u00a0ficou famoso por reunir grupos de direita. Apoiadores do presidente dos Estados Unidos, Donald Trump, assim como bolsonaristas, costumam utilizar a\u00a0<i>\u201crede social de direita\u201d<\/i>, como ficou conhecido.<\/p>\n","protected":false},"excerpt":{"rendered":"<p>Depois de ser banida por Google e Apple, a rede social Parler passou a estar dispon\u00edvel para acesso apenas por meio de sua vers\u00e3o web. O acesso, no entanto, est\u00e1 atualmente indispon\u00edvel devido \u00e0 a\u00e7\u00e3o da Amazon, que suspendeu o servi\u00e7o de hospedagem da empresa. Quando o problema de armazenamento for resolvido, a vers\u00e3o web [&hellip;]<\/p>\n","protected":false},"author":2,"featured_media":155386,"comment_status":"open","ping_status":"open","sticky":false,"template":"","format":"standard","meta":{"_monsterinsights_skip_tracking":false,"_monsterinsights_sitenote_active":false,"_monsterinsights_sitenote_note":"","_monsterinsights_sitenote_category":0},"categories":[30260,7,30259],"tags":[3979,1891,29867,35625,829],"aioseo_notices":[],"_links":{"self":[{"href":"https:\/\/mspontocom.com.br\/site\/wp-json\/wp\/v2\/posts\/155384"}],"collection":[{"href":"https:\/\/mspontocom.com.br\/site\/wp-json\/wp\/v2\/posts"}],"about":[{"href":"https:\/\/mspontocom.com.br\/site\/wp-json\/wp\/v2\/types\/post"}],"author":[{"embeddable":true,"href":"https:\/\/mspontocom.com.br\/site\/wp-json\/wp\/v2\/users\/2"}],"replies":[{"embeddable":true,"href":"https:\/\/mspontocom.com.br\/site\/wp-json\/wp\/v2\/comments?post=155384"}],"version-history":[{"count":1,"href":"https:\/\/mspontocom.com.br\/site\/wp-json\/wp\/v2\/posts\/155384\/revisions"}],"predecessor-version":[{"id":155387,"href":"https:\/\/mspontocom.com.br\/site\/wp-json\/wp\/v2\/posts\/155384\/revisions\/155387"}],"wp:featuredmedia":[{"embeddable":true,"href":"https:\/\/mspontocom.com.br\/site\/wp-json\/wp\/v2\/media\/155386"}],"wp:attachment":[{"href":"https:\/\/mspontocom.com.br\/site\/wp-json\/wp\/v2\/media?parent=155384"}],"wp:term":[{"taxonomy":"category","embeddable":true,"href":"https:\/\/mspontocom.com.br\/site\/wp-json\/wp\/v2\/categories?post=155384"},{"taxonomy":"post_tag","embeddable":true,"href":"https:\/\/mspontocom.com.br\/site\/wp-json\/wp\/v2\/tags?post=155384"}],"curies":[{"name":"wp","href":"https:\/\/api.w.org\/{rel}","templated":true}]}}