{"id":155502,"date":"2021-01-14T06:20:30","date_gmt":"2021-01-14T10:20:30","guid":{"rendered":"https:\/\/mspontocom.com.br\/site\/?p=155502"},"modified":"2021-01-14T06:20:30","modified_gmt":"2021-01-14T10:20:30","slug":"ceo-do-twitter-diz-que-banir-trump-abriu-precedente-perigoso","status":"publish","type":"post","link":"https:\/\/mspontocom.com.br\/site\/ceo-do-twitter-diz-que-banir-trump-abriu-precedente-perigoso\/","title":{"rendered":"CEO do Twitter diz que banir Trump abriu \u201cprecedente perigoso\u201d"},"content":{"rendered":"<p style=\"text-align: justify;\"><img loading=\"lazy\" class=\"alignnone size-full wp-image-155503\" src=\"https:\/\/mspontocom.com.br\/site\/wp-content\/uploads\/2021\/01\/site-ceo-do-twitter-diz-que-banir-trump-abriu-precedente-perigoso-donald-e1610619569658.jpg\" alt=\"\" width=\"857\" height=\"499\" srcset=\"https:\/\/mspontocom.com.br\/site\/wp-content\/uploads\/2021\/01\/site-ceo-do-twitter-diz-que-banir-trump-abriu-precedente-perigoso-donald-e1610619569658.jpg 857w, https:\/\/mspontocom.com.br\/site\/wp-content\/uploads\/2021\/01\/site-ceo-do-twitter-diz-que-banir-trump-abriu-precedente-perigoso-donald-e1610619569658-260x151.jpg 260w, https:\/\/mspontocom.com.br\/site\/wp-content\/uploads\/2021\/01\/site-ceo-do-twitter-diz-que-banir-trump-abriu-precedente-perigoso-donald-e1610619569658-768x447.jpg 768w\" sizes=\"(max-width: 857px) 100vw, 857px\" \/>O presidente-executivo do Twitter, Jack Dorsey, disse nessa 4\u00aa feira\u00a0 que que banir o presidente dos Estados Unidos, Donald Trump, de sua plataforma foi a \u201c<em>decis\u00e3o certa<\/em>\u201d, mas a medida estabelece um \u201c<em>precedente perigoso<\/em>\u201d.<\/p>\n<p style=\"text-align: justify;\">Ap\u00f3s a invas\u00e3o ao Capit\u00f3lio\u00a0em 6 de janeiro, a empresa argumentou que havia risco de mais incita\u00e7\u00e3o \u00e0 viol\u00eancia e removeu a conta de Trump.<\/p>\n<p style=\"text-align: justify;\">\u201c<em><span class=\"JLqJ4b ChMk0b\" data-language-for-alternatives=\"pt\" data-language-to-translate-into=\"auto\" data-phrase-index=\"0\">Eu n\u00e3o comemoro ou sinto orgulho por termos que banir<\/span>\u00a0<span class=\"JLqJ4b ChMk0b\" data-language-for-alternatives=\"pt\" data-language-to-translate-into=\"auto\" data-phrase-index=\"2\">Donald Trump<\/span>\u00a0<\/em><span class=\"JLqJ4b ChMk0b\" data-language-for-alternatives=\"pt\" data-language-to-translate-into=\"auto\" data-phrase-index=\"4\"><em>do Twitter, ou de como chegamos aqui<\/em>\u201d, escreveu Dorsey em seu perfil na rede social. <\/span><\/p>\n<p style=\"text-align: justify;\"><strong><span class=\"JLqJ4b ChMk0b\" style=\"color: #000000;\" data-language-for-alternatives=\"pt\" data-language-to-translate-into=\"auto\" data-phrase-index=\"4\">\u201c<em>Tomamos uma decis\u00e3o com as melhores informa\u00e7\u00f5es que t\u00ednhamos com base nas amea\u00e7as \u00e0 seguran\u00e7a f\u00edsica dentro e fora do Twitter. Isso estava correto?<\/em>\u201d<\/span><\/strong><\/p>\n<p style=\"text-align: justify;\">O CEO do Twitter ainda afirmou que, a longo prazo, o precedente estabelecido \u201c<em>ser\u00e1 destrutivo para o nobre prop\u00f3sito e ideais da internet aberta\u201d.\u00a0<\/em><\/p>\n<p>&nbsp;<\/p>\n<p>fonte: Congresso em Foco<\/p>\n","protected":false},"excerpt":{"rendered":"<p>O presidente-executivo do Twitter, Jack Dorsey, disse nessa 4\u00aa feira\u00a0 que que banir o presidente dos Estados Unidos, Donald Trump, de sua plataforma foi a \u201cdecis\u00e3o certa\u201d, mas a medida estabelece um \u201cprecedente perigoso\u201d. Ap\u00f3s a invas\u00e3o ao Capit\u00f3lio\u00a0em 6 de janeiro, a empresa argumentou que havia risco de mais incita\u00e7\u00e3o \u00e0 viol\u00eancia e removeu [&hellip;]<\/p>\n","protected":false},"author":2,"featured_media":155503,"comment_status":"open","ping_status":"open","sticky":false,"template":"","format":"standard","meta":{"_monsterinsights_skip_tracking":false,"_monsterinsights_sitenote_active":false,"_monsterinsights_sitenote_note":"","_monsterinsights_sitenote_category":0},"categories":[30260,7,30259],"tags":[28783,14429,36743,28326,829],"aioseo_notices":[],"_links":{"self":[{"href":"https:\/\/mspontocom.com.br\/site\/wp-json\/wp\/v2\/posts\/155502"}],"collection":[{"href":"https:\/\/mspontocom.com.br\/site\/wp-json\/wp\/v2\/posts"}],"about":[{"href":"https:\/\/mspontocom.com.br\/site\/wp-json\/wp\/v2\/types\/post"}],"author":[{"embeddable":true,"href":"https:\/\/mspontocom.com.br\/site\/wp-json\/wp\/v2\/users\/2"}],"replies":[{"embeddable":true,"href":"https:\/\/mspontocom.com.br\/site\/wp-json\/wp\/v2\/comments?post=155502"}],"version-history":[{"count":1,"href":"https:\/\/mspontocom.com.br\/site\/wp-json\/wp\/v2\/posts\/155502\/revisions"}],"predecessor-version":[{"id":155504,"href":"https:\/\/mspontocom.com.br\/site\/wp-json\/wp\/v2\/posts\/155502\/revisions\/155504"}],"wp:featuredmedia":[{"embeddable":true,"href":"https:\/\/mspontocom.com.br\/site\/wp-json\/wp\/v2\/media\/155503"}],"wp:attachment":[{"href":"https:\/\/mspontocom.com.br\/site\/wp-json\/wp\/v2\/media?parent=155502"}],"wp:term":[{"taxonomy":"category","embeddable":true,"href":"https:\/\/mspontocom.com.br\/site\/wp-json\/wp\/v2\/categories?post=155502"},{"taxonomy":"post_tag","embeddable":true,"href":"https:\/\/mspontocom.com.br\/site\/wp-json\/wp\/v2\/tags?post=155502"}],"curies":[{"name":"wp","href":"https:\/\/api.w.org\/{rel}","templated":true}]}}