{"id":155754,"date":"2021-01-20T13:31:10","date_gmt":"2021-01-20T17:31:10","guid":{"rendered":"https:\/\/mspontocom.com.br\/site\/?p=155754"},"modified":"2021-01-20T13:31:10","modified_gmt":"2021-01-20T17:31:10","slug":"voltaremos-de-um-jeito-ou-de-outro-afirma-trump-em-discurso-de-despedida","status":"publish","type":"post","link":"https:\/\/mspontocom.com.br\/site\/voltaremos-de-um-jeito-ou-de-outro-afirma-trump-em-discurso-de-despedida\/","title":{"rendered":"\u201cVoltaremos de um jeito ou de outro\u201d, afirma Trump em discurso de despedida"},"content":{"rendered":"<p style=\"text-align: justify;\"><img loading=\"lazy\" class=\"alignnone size-full wp-image-155755\" src=\"https:\/\/mspontocom.com.br\/site\/wp-content\/uploads\/2021\/01\/site-voltaremos-de-um-jeito-ou-de-outro-afirma-trump-em-discurso-de-despedida-trump.jpg\" alt=\"\" width=\"640\" height=\"360\" srcset=\"https:\/\/mspontocom.com.br\/site\/wp-content\/uploads\/2021\/01\/site-voltaremos-de-um-jeito-ou-de-outro-afirma-trump-em-discurso-de-despedida-trump.jpg 640w, https:\/\/mspontocom.com.br\/site\/wp-content\/uploads\/2021\/01\/site-voltaremos-de-um-jeito-ou-de-outro-afirma-trump-em-discurso-de-despedida-trump-260x146.jpg 260w\" sizes=\"(max-width: 640px) 100vw, 640px\" \/><\/p>\n<p style=\"text-align: justify;\">O presidente dos Estados Unidos, Donald Trump, afirmou nesta 4\u00aa feira (20.jan.2021) que voltar\u00e1 ao poder\u00a0<em>\u201cde um jeito ou de outro\u201d<\/em>.<\/p>\n<p style=\"text-align: justify;\">A declara\u00e7\u00e3o foi feita a apoiadores em seu \u00faltimo discurso ocupando a Presid\u00eancia norte-americana.<\/p>\n<p style=\"text-align: justify;\"><span style=\"color: #ff0000;\">\u201c<em>Digo adeus. Amamos voc\u00eas. Voltaremos de um jeito ou de outro\u201d<\/em>,<\/span> declarou em p\u00falpito montado na Base A\u00e9rea Andrews, em Maryland, logo ap\u00f3s deixar pela \u00faltima vez Casa Branca, na capital Washington.<\/p>\n<p style=\"text-align: justify;\">Trump desejou sorte ao governo do democrata Joe Biden e disse que seu governo estabeleceu o\u00a0<em>\u201calicerce\u201d<\/em>\u00a0para o \u00eaxito de seu sucessor.<\/p>\n<p style=\"text-align: justify;\"><em>\u201cEstarei observando e ouvindo e digo: o futuro deste pa\u00eds nunca foi melhor. Desejo muita sorte e sucesso ao novo governo. Acredito que eles ter\u00e3o<\/em>\u00a0[sucesso]\u00a0<em>porque estabelecemos o alicerce para isso acontecer. Colocamos o governo em uma posi\u00e7\u00e3o jamais vista a despeito da grande peste que atacou o mundo. N\u00e3o teria conseguido sem voc\u00eas\u201d<\/em>, afirmou.<\/p>\n","protected":false},"excerpt":{"rendered":"<p>O presidente dos Estados Unidos, Donald Trump, afirmou nesta 4\u00aa feira (20.jan.2021) que voltar\u00e1 ao poder\u00a0\u201cde um jeito ou de outro\u201d. A declara\u00e7\u00e3o foi feita a apoiadores em seu \u00faltimo discurso ocupando a Presid\u00eancia norte-americana. \u201cDigo adeus. Amamos voc\u00eas. Voltaremos de um jeito ou de outro\u201d, declarou em p\u00falpito montado na Base A\u00e9rea Andrews, em [&hellip;]<\/p>\n","protected":false},"author":2,"featured_media":155755,"comment_status":"open","ping_status":"open","sticky":false,"template":"","format":"standard","meta":{"_monsterinsights_skip_tracking":false,"_monsterinsights_sitenote_active":false,"_monsterinsights_sitenote_note":"","_monsterinsights_sitenote_category":0},"categories":[7],"tags":[36833,36011,30368,28326],"aioseo_notices":[],"_links":{"self":[{"href":"https:\/\/mspontocom.com.br\/site\/wp-json\/wp\/v2\/posts\/155754"}],"collection":[{"href":"https:\/\/mspontocom.com.br\/site\/wp-json\/wp\/v2\/posts"}],"about":[{"href":"https:\/\/mspontocom.com.br\/site\/wp-json\/wp\/v2\/types\/post"}],"author":[{"embeddable":true,"href":"https:\/\/mspontocom.com.br\/site\/wp-json\/wp\/v2\/users\/2"}],"replies":[{"embeddable":true,"href":"https:\/\/mspontocom.com.br\/site\/wp-json\/wp\/v2\/comments?post=155754"}],"version-history":[{"count":1,"href":"https:\/\/mspontocom.com.br\/site\/wp-json\/wp\/v2\/posts\/155754\/revisions"}],"predecessor-version":[{"id":155756,"href":"https:\/\/mspontocom.com.br\/site\/wp-json\/wp\/v2\/posts\/155754\/revisions\/155756"}],"wp:featuredmedia":[{"embeddable":true,"href":"https:\/\/mspontocom.com.br\/site\/wp-json\/wp\/v2\/media\/155755"}],"wp:attachment":[{"href":"https:\/\/mspontocom.com.br\/site\/wp-json\/wp\/v2\/media?parent=155754"}],"wp:term":[{"taxonomy":"category","embeddable":true,"href":"https:\/\/mspontocom.com.br\/site\/wp-json\/wp\/v2\/categories?post=155754"},{"taxonomy":"post_tag","embeddable":true,"href":"https:\/\/mspontocom.com.br\/site\/wp-json\/wp\/v2\/tags?post=155754"}],"curies":[{"name":"wp","href":"https:\/\/api.w.org\/{rel}","templated":true}]}}