{"id":156155,"date":"2021-01-31T07:44:45","date_gmt":"2021-01-31T11:44:45","guid":{"rendered":"https:\/\/mspontocom.com.br\/site\/?p=156155"},"modified":"2021-01-31T07:44:45","modified_gmt":"2021-01-31T11:44:45","slug":"apoiadores-de-bolsonaro-querem-lula-candidato-para-medir-forcas-com-o-presidente","status":"publish","type":"post","link":"https:\/\/mspontocom.com.br\/site\/apoiadores-de-bolsonaro-querem-lula-candidato-para-medir-forcas-com-o-presidente\/","title":{"rendered":"Apoiadores de Bolsonaro querem Lula candidato para medir for\u00e7as com o presidente"},"content":{"rendered":"<p style=\"text-align: justify;\"><img loading=\"lazy\" class=\"alignnone size-full wp-image-156156\" src=\"https:\/\/mspontocom.com.br\/site\/wp-content\/uploads\/2021\/01\/site-apoiadores-de-bolsonaro-querem-lula-candidato-para-medir-forcas-com-o-presidente-lula-bolsonaro-e1612093430333.jpg\" alt=\"\" width=\"936\" height=\"605\" srcset=\"https:\/\/mspontocom.com.br\/site\/wp-content\/uploads\/2021\/01\/site-apoiadores-de-bolsonaro-querem-lula-candidato-para-medir-forcas-com-o-presidente-lula-bolsonaro-e1612093430333.jpg 936w, https:\/\/mspontocom.com.br\/site\/wp-content\/uploads\/2021\/01\/site-apoiadores-de-bolsonaro-querem-lula-candidato-para-medir-forcas-com-o-presidente-lula-bolsonaro-e1612093430333-260x168.jpg 260w, https:\/\/mspontocom.com.br\/site\/wp-content\/uploads\/2021\/01\/site-apoiadores-de-bolsonaro-querem-lula-candidato-para-medir-forcas-com-o-presidente-lula-bolsonaro-e1612093430333-768x496.jpg 768w\" sizes=\"(max-width: 936px) 100vw, 936px\" \/>Ganha corpo no meio jur\u00eddico tese alternativa capaz de cravar a suspei\u00e7\u00e3o de<strong> S\u00e9rgio Moro<\/strong>\u00a0por\u00e9m sem devolver os direitos pol\u00edticos a<strong> Lula.<\/strong><\/p>\n<p style=\"text-align: justify;\">No STF, por exemplo, alguns ministros entendem que\u00a0a eventual suspei\u00e7\u00e3o do ex-juiz da Lava Jato n\u00e3o anularia esse veredicto.<\/p>\n<p style=\"text-align: justify;\">Lula permaneceria barrado das elei\u00e7\u00f5es. O caso deve ser julgado ainda neste semestre no Supremo.<\/p>\n<p style=\"text-align: justify;\">\u00a0A expectativa na Segunda Turma, onde se encontra o caso, \u00e9 que Kassio Nunes Marques ser\u00e1 decisivo.<\/p>\n<p style=\"text-align: justify;\"><strong>Entre apoiadores de Bolsonaro, \u00e9 grande o desejo de ter Lula na elei\u00e7\u00e3o de 2022 para for\u00e7ar uma polariza\u00e7\u00e3o com o presidente.<\/strong><\/p>\n","protected":false},"excerpt":{"rendered":"<p>Ganha corpo no meio jur\u00eddico tese alternativa capaz de cravar a suspei\u00e7\u00e3o de S\u00e9rgio Moro\u00a0por\u00e9m sem devolver os direitos pol\u00edticos a Lula. No STF, por exemplo, alguns ministros entendem que\u00a0a eventual suspei\u00e7\u00e3o do ex-juiz da Lava Jato n\u00e3o anularia esse veredicto. Lula permaneceria barrado das elei\u00e7\u00f5es. O caso deve ser julgado ainda neste semestre no [&hellip;]<\/p>\n","protected":false},"author":2,"featured_media":156156,"comment_status":"open","ping_status":"open","sticky":false,"template":"","format":"standard","meta":{"_monsterinsights_skip_tracking":false,"_monsterinsights_sitenote_active":false,"_monsterinsights_sitenote_note":"","_monsterinsights_sitenote_category":0},"categories":[30260,30259,12],"tags":[29093,21017,2473,480],"aioseo_notices":[],"_links":{"self":[{"href":"https:\/\/mspontocom.com.br\/site\/wp-json\/wp\/v2\/posts\/156155"}],"collection":[{"href":"https:\/\/mspontocom.com.br\/site\/wp-json\/wp\/v2\/posts"}],"about":[{"href":"https:\/\/mspontocom.com.br\/site\/wp-json\/wp\/v2\/types\/post"}],"author":[{"embeddable":true,"href":"https:\/\/mspontocom.com.br\/site\/wp-json\/wp\/v2\/users\/2"}],"replies":[{"embeddable":true,"href":"https:\/\/mspontocom.com.br\/site\/wp-json\/wp\/v2\/comments?post=156155"}],"version-history":[{"count":1,"href":"https:\/\/mspontocom.com.br\/site\/wp-json\/wp\/v2\/posts\/156155\/revisions"}],"predecessor-version":[{"id":156157,"href":"https:\/\/mspontocom.com.br\/site\/wp-json\/wp\/v2\/posts\/156155\/revisions\/156157"}],"wp:featuredmedia":[{"embeddable":true,"href":"https:\/\/mspontocom.com.br\/site\/wp-json\/wp\/v2\/media\/156156"}],"wp:attachment":[{"href":"https:\/\/mspontocom.com.br\/site\/wp-json\/wp\/v2\/media?parent=156155"}],"wp:term":[{"taxonomy":"category","embeddable":true,"href":"https:\/\/mspontocom.com.br\/site\/wp-json\/wp\/v2\/categories?post=156155"},{"taxonomy":"post_tag","embeddable":true,"href":"https:\/\/mspontocom.com.br\/site\/wp-json\/wp\/v2\/tags?post=156155"}],"curies":[{"name":"wp","href":"https:\/\/api.w.org\/{rel}","templated":true}]}}