{"id":156194,"date":"2021-02-01T12:51:39","date_gmt":"2021-02-01T16:51:39","guid":{"rendered":"https:\/\/mspontocom.com.br\/site\/?p=156194"},"modified":"2021-02-01T09:26:48","modified_gmt":"2021-02-01T13:26:48","slug":"aliado-de-macron-volta-advertir-brasil-sobre-desmatamento-na-amazonia","status":"publish","type":"post","link":"https:\/\/mspontocom.com.br\/site\/aliado-de-macron-volta-advertir-brasil-sobre-desmatamento-na-amazonia\/","title":{"rendered":"Aliado de Macron volta advertir Brasil sobre desmatamento na Amaz\u00f4nia"},"content":{"rendered":"<p style=\"text-align: justify;\"><img loading=\"lazy\" class=\"alignnone size-full wp-image-156195\" src=\"https:\/\/mspontocom.com.br\/site\/wp-content\/uploads\/2021\/02\/site-aliado-de-macron-volta-advertir-brasil-macron.jpg\" alt=\"\" width=\"640\" height=\"360\" srcset=\"https:\/\/mspontocom.com.br\/site\/wp-content\/uploads\/2021\/02\/site-aliado-de-macron-volta-advertir-brasil-macron.jpg 640w, https:\/\/mspontocom.com.br\/site\/wp-content\/uploads\/2021\/02\/site-aliado-de-macron-volta-advertir-brasil-macron-260x146.jpg 260w\" sizes=\"(max-width: 640px) 100vw, 640px\" \/><\/p>\n<p style=\"text-align: justify;\">Um dos principais aliados do presidente da Fran\u00e7a, Emmanuel Macron, para a \u00e1rea ambiental, o eurodeputado Pascal Canfin, 46, diz que o mercado do continente para produtos brasileiros que contribuam para o desmatamento ser\u00e1 progressivamente fechado.<\/p>\n<p style=\"text-align: justify;\"><span style=\"color: #ff0000;\">\u201cO Brasil n\u00e3o pode aparecer na cena internacional como o pa\u00eds que n\u00e3o quer cooperar. Seria um p\u00e9ssimo c\u00e1lculo econ\u00f4mico\u201d,<\/span> afirma Canfin, em entrevista \u00e0\u00a0<strong>Folha<\/strong>.<\/p>\n<p style=\"text-align: justify;\">No \u00faltimo dia 12 de janeiro, Macron associou a soja brasileira ao desmatamento na Amaz\u00f4nia.<\/p>\n<p style=\"text-align: justify;\">Embora apenas 4% da soja brasileira tenha origem na Amaz\u00f4nia, a associa\u00e7\u00e3o entre a produ\u00e7\u00e3o e o desmatamento tem grande apelo junto ao p\u00fablico europeu.<\/p>\n","protected":false},"excerpt":{"rendered":"<p>Um dos principais aliados do presidente da Fran\u00e7a, Emmanuel Macron, para a \u00e1rea ambiental, o eurodeputado Pascal Canfin, 46, diz que o mercado do continente para produtos brasileiros que contribuam para o desmatamento ser\u00e1 progressivamente fechado. \u201cO Brasil n\u00e3o pode aparecer na cena internacional como o pa\u00eds que n\u00e3o quer cooperar. Seria um p\u00e9ssimo c\u00e1lculo [&hellip;]<\/p>\n","protected":false},"author":2,"featured_media":156195,"comment_status":"open","ping_status":"open","sticky":false,"template":"","format":"standard","meta":{"_monsterinsights_skip_tracking":false,"_monsterinsights_sitenote_active":false,"_monsterinsights_sitenote_note":"","_monsterinsights_sitenote_category":0},"categories":[7,30259],"tags":[1474,1407,34316],"aioseo_notices":[],"_links":{"self":[{"href":"https:\/\/mspontocom.com.br\/site\/wp-json\/wp\/v2\/posts\/156194"}],"collection":[{"href":"https:\/\/mspontocom.com.br\/site\/wp-json\/wp\/v2\/posts"}],"about":[{"href":"https:\/\/mspontocom.com.br\/site\/wp-json\/wp\/v2\/types\/post"}],"author":[{"embeddable":true,"href":"https:\/\/mspontocom.com.br\/site\/wp-json\/wp\/v2\/users\/2"}],"replies":[{"embeddable":true,"href":"https:\/\/mspontocom.com.br\/site\/wp-json\/wp\/v2\/comments?post=156194"}],"version-history":[{"count":1,"href":"https:\/\/mspontocom.com.br\/site\/wp-json\/wp\/v2\/posts\/156194\/revisions"}],"predecessor-version":[{"id":156196,"href":"https:\/\/mspontocom.com.br\/site\/wp-json\/wp\/v2\/posts\/156194\/revisions\/156196"}],"wp:featuredmedia":[{"embeddable":true,"href":"https:\/\/mspontocom.com.br\/site\/wp-json\/wp\/v2\/media\/156195"}],"wp:attachment":[{"href":"https:\/\/mspontocom.com.br\/site\/wp-json\/wp\/v2\/media?parent=156194"}],"wp:term":[{"taxonomy":"category","embeddable":true,"href":"https:\/\/mspontocom.com.br\/site\/wp-json\/wp\/v2\/categories?post=156194"},{"taxonomy":"post_tag","embeddable":true,"href":"https:\/\/mspontocom.com.br\/site\/wp-json\/wp\/v2\/tags?post=156194"}],"curies":[{"name":"wp","href":"https:\/\/api.w.org\/{rel}","templated":true}]}}