{"id":156220,"date":"2021-02-02T05:09:44","date_gmt":"2021-02-02T09:09:44","guid":{"rendered":"https:\/\/mspontocom.com.br\/site\/?p=156220"},"modified":"2021-02-02T05:36:04","modified_gmt":"2021-02-02T09:36:04","slug":"contra-arthur-lira-oposicao-anuncia-na-madrugada-que-ira-ao-stf","status":"publish","type":"post","link":"https:\/\/mspontocom.com.br\/site\/contra-arthur-lira-oposicao-anuncia-na-madrugada-que-ira-ao-stf\/","title":{"rendered":"Contra Arthur Lira, oposi\u00e7\u00e3o anuncia na madrugada que ir\u00e1 ao STF"},"content":{"rendered":"<p style=\"text-align: justify;\"><img loading=\"lazy\" class=\"alignnone size-full wp-image-156221\" src=\"https:\/\/mspontocom.com.br\/site\/wp-content\/uploads\/2021\/02\/site-contra-arthur-lira-oposicao-anuncia-na-madrugada-que-ira-ao-stf-arthur-e1612258505202.jpg\" alt=\"\" width=\"468\" height=\"267\" srcset=\"https:\/\/mspontocom.com.br\/site\/wp-content\/uploads\/2021\/02\/site-contra-arthur-lira-oposicao-anuncia-na-madrugada-que-ira-ao-stf-arthur-e1612258505202.jpg 468w, https:\/\/mspontocom.com.br\/site\/wp-content\/uploads\/2021\/02\/site-contra-arthur-lira-oposicao-anuncia-na-madrugada-que-ira-ao-stf-arthur-e1612258505202-260x148.jpg 260w\" sizes=\"(max-width: 468px) 100vw, 468px\" \/><\/p>\n<p style=\"text-align: justify;\">O primeiro ato de Arthur Lira (PP-AL) como novo presidente da C\u00e2mara j\u00e1 dividiu os parlamentares da Casa na madrugada de hoje, logo ap\u00f3s o an\u00fancio de que ele anulava, a partir de ent\u00e3o, a decis\u00e3o de Rodrigo Maia (DEM-RJ) que aceitou o registro do bloco de apoio a Baleia Rossi.<\/p>\n<p style=\"text-align: justify;\">Na pr\u00e1tica, a decis\u00e3o do novo presidente tira da Mesa Diretora alguns partidos do bloco composto por PT, MDB, PSDB, PSB, PDT, Solidariedade, PCdoB, Cidadania, PV e Rede, partidos que apoiaram a candidatura de Rossi. Al\u00e9m disso, o PT deve perder o direito \u00e0 1\u00aa secretaria<\/p>\n<p style=\"text-align: justify;\">Deputado federal de um dos partidos do bloco, Alexandre Padilha (PT) condenou Lira por seguir &#8220;a pegada bolsonarista ditatorial&#8221; .<\/p>\n<p style=\"text-align: justify;\"><strong>&#8220;Entraremos com a\u00e7\u00e3o coletiva no Supremo um presidente eleito n\u00e3o pode anular atos da elei\u00e7\u00e3o que o elegeu&#8221; .<\/strong><\/p>\n","protected":false},"excerpt":{"rendered":"<p>O primeiro ato de Arthur Lira (PP-AL) como novo presidente da C\u00e2mara j\u00e1 dividiu os parlamentares da Casa na madrugada de hoje, logo ap\u00f3s o an\u00fancio de que ele anulava, a partir de ent\u00e3o, a decis\u00e3o de Rodrigo Maia (DEM-RJ) que aceitou o registro do bloco de apoio a Baleia Rossi. Na pr\u00e1tica, a decis\u00e3o [&hellip;]<\/p>\n","protected":false},"author":2,"featured_media":156221,"comment_status":"open","ping_status":"open","sticky":false,"template":"","format":"standard","meta":{"_monsterinsights_skip_tracking":false,"_monsterinsights_sitenote_active":false,"_monsterinsights_sitenote_note":"","_monsterinsights_sitenote_category":0},"categories":[30260,30259,12],"tags":[33628,4285,3014],"aioseo_notices":[],"_links":{"self":[{"href":"https:\/\/mspontocom.com.br\/site\/wp-json\/wp\/v2\/posts\/156220"}],"collection":[{"href":"https:\/\/mspontocom.com.br\/site\/wp-json\/wp\/v2\/posts"}],"about":[{"href":"https:\/\/mspontocom.com.br\/site\/wp-json\/wp\/v2\/types\/post"}],"author":[{"embeddable":true,"href":"https:\/\/mspontocom.com.br\/site\/wp-json\/wp\/v2\/users\/2"}],"replies":[{"embeddable":true,"href":"https:\/\/mspontocom.com.br\/site\/wp-json\/wp\/v2\/comments?post=156220"}],"version-history":[{"count":1,"href":"https:\/\/mspontocom.com.br\/site\/wp-json\/wp\/v2\/posts\/156220\/revisions"}],"predecessor-version":[{"id":156222,"href":"https:\/\/mspontocom.com.br\/site\/wp-json\/wp\/v2\/posts\/156220\/revisions\/156222"}],"wp:featuredmedia":[{"embeddable":true,"href":"https:\/\/mspontocom.com.br\/site\/wp-json\/wp\/v2\/media\/156221"}],"wp:attachment":[{"href":"https:\/\/mspontocom.com.br\/site\/wp-json\/wp\/v2\/media?parent=156220"}],"wp:term":[{"taxonomy":"category","embeddable":true,"href":"https:\/\/mspontocom.com.br\/site\/wp-json\/wp\/v2\/categories?post=156220"},{"taxonomy":"post_tag","embeddable":true,"href":"https:\/\/mspontocom.com.br\/site\/wp-json\/wp\/v2\/tags?post=156220"}],"curies":[{"name":"wp","href":"https:\/\/api.w.org\/{rel}","templated":true}]}}