{"id":156226,"date":"2021-02-02T06:08:06","date_gmt":"2021-02-02T10:08:06","guid":{"rendered":"https:\/\/mspontocom.com.br\/site\/?p=156226"},"modified":"2021-02-02T06:08:06","modified_gmt":"2021-02-02T10:08:06","slug":"na-camara-lira-deve-priorizar-reformas-e-evitar-pauta-de-costumes","status":"publish","type":"post","link":"https:\/\/mspontocom.com.br\/site\/na-camara-lira-deve-priorizar-reformas-e-evitar-pauta-de-costumes\/","title":{"rendered":"Na C\u00e2mara, Lira deve priorizar reformas e evitar pauta de costumes"},"content":{"rendered":"<p style=\"text-align: justify;\"><img loading=\"lazy\" class=\"alignnone size-full wp-image-156227\" src=\"https:\/\/mspontocom.com.br\/site\/wp-content\/uploads\/2021\/02\/site-na-camara-lira-deve-priorizar-reformas-e-evitar-pauta-de-costumes-lira-e1612260423964.jpg\" alt=\"\" width=\"630\" height=\"321\" srcset=\"https:\/\/mspontocom.com.br\/site\/wp-content\/uploads\/2021\/02\/site-na-camara-lira-deve-priorizar-reformas-e-evitar-pauta-de-costumes-lira-e1612260423964.jpg 630w, https:\/\/mspontocom.com.br\/site\/wp-content\/uploads\/2021\/02\/site-na-camara-lira-deve-priorizar-reformas-e-evitar-pauta-de-costumes-lira-e1612260423964-260x132.jpg 260w\" sizes=\"(max-width: 630px) 100vw, 630px\" \/><\/p>\n<p style=\"text-align: justify;\">O deputado Arthur Lira (PP-AL) \u00e9 o novo presidente da C\u00e2mara dos Deputados apoiado pelo presidente Jair Bolsonaro.<\/p>\n<p style=\"text-align: justify;\">Lira deve priorizar nos primeiros meses de gest\u00e3o a aprova\u00e7\u00e3o de pautas econ\u00f4micas como or\u00e7amento da Uni\u00e3o, a PEC Emergencial e iniciar o debate sobre as reformas administrativa e tribut\u00e1ria.<\/p>\n<p style=\"text-align: justify;\">Durante a campanha para a presid\u00eancia da C\u00e2mara dos Deputados, Lira evitou se comprometer com a pauta de costumes de Bolsonaro e dos parlamentares que apoiam o tema.<\/p>\n<p style=\"text-align: justify;\">Esse grupo defende a flexibiliza\u00e7\u00e3o das regras para posse de arma de fogo, homeschooling (ensino em casa) e s\u00e3o contr\u00e1rios ao aborto, por exemplo.<\/p>\n<p style=\"text-align: justify;\">Apesar de n\u00e3o abra\u00e7ar as propostas , Lira tem afirmado em reuni\u00f5es com as bancadas que n\u00e3o barrar\u00e1 o debate sobre nenhuma pauta, incluindo a de costumes.<\/p>\n","protected":false},"excerpt":{"rendered":"<p>O deputado Arthur Lira (PP-AL) \u00e9 o novo presidente da C\u00e2mara dos Deputados apoiado pelo presidente Jair Bolsonaro. Lira deve priorizar nos primeiros meses de gest\u00e3o a aprova\u00e7\u00e3o de pautas econ\u00f4micas como or\u00e7amento da Uni\u00e3o, a PEC Emergencial e iniciar o debate sobre as reformas administrativa e tribut\u00e1ria. Durante a campanha para a presid\u00eancia da [&hellip;]<\/p>\n","protected":false},"author":2,"featured_media":156227,"comment_status":"open","ping_status":"open","sticky":false,"template":"","format":"standard","meta":{"_monsterinsights_skip_tracking":false,"_monsterinsights_sitenote_active":false,"_monsterinsights_sitenote_note":"","_monsterinsights_sitenote_category":0},"categories":[30260,30259,12],"tags":[3645,36975,23432,36422,933],"aioseo_notices":[],"_links":{"self":[{"href":"https:\/\/mspontocom.com.br\/site\/wp-json\/wp\/v2\/posts\/156226"}],"collection":[{"href":"https:\/\/mspontocom.com.br\/site\/wp-json\/wp\/v2\/posts"}],"about":[{"href":"https:\/\/mspontocom.com.br\/site\/wp-json\/wp\/v2\/types\/post"}],"author":[{"embeddable":true,"href":"https:\/\/mspontocom.com.br\/site\/wp-json\/wp\/v2\/users\/2"}],"replies":[{"embeddable":true,"href":"https:\/\/mspontocom.com.br\/site\/wp-json\/wp\/v2\/comments?post=156226"}],"version-history":[{"count":1,"href":"https:\/\/mspontocom.com.br\/site\/wp-json\/wp\/v2\/posts\/156226\/revisions"}],"predecessor-version":[{"id":156228,"href":"https:\/\/mspontocom.com.br\/site\/wp-json\/wp\/v2\/posts\/156226\/revisions\/156228"}],"wp:featuredmedia":[{"embeddable":true,"href":"https:\/\/mspontocom.com.br\/site\/wp-json\/wp\/v2\/media\/156227"}],"wp:attachment":[{"href":"https:\/\/mspontocom.com.br\/site\/wp-json\/wp\/v2\/media?parent=156226"}],"wp:term":[{"taxonomy":"category","embeddable":true,"href":"https:\/\/mspontocom.com.br\/site\/wp-json\/wp\/v2\/categories?post=156226"},{"taxonomy":"post_tag","embeddable":true,"href":"https:\/\/mspontocom.com.br\/site\/wp-json\/wp\/v2\/tags?post=156226"}],"curies":[{"name":"wp","href":"https:\/\/api.w.org\/{rel}","templated":true}]}}