{"id":156351,"date":"2021-02-05T05:30:24","date_gmt":"2021-02-05T09:30:24","guid":{"rendered":"https:\/\/mspontocom.com.br\/site\/?p=156351"},"modified":"2021-02-05T06:35:45","modified_gmt":"2021-02-05T10:35:45","slug":"pt-vai-de-haddad-para-encarar-bolsonaro-em-2022","status":"publish","type":"post","link":"https:\/\/mspontocom.com.br\/site\/pt-vai-de-haddad-para-encarar-bolsonaro-em-2022\/","title":{"rendered":"PT vai de Haddad para encarar Bolsonaro em 2022"},"content":{"rendered":"<p><img loading=\"lazy\" class=\"size-full wp-image-156352\" src=\"https:\/\/mspontocom.com.br\/site\/wp-content\/uploads\/2021\/02\/site-pt-vai-de-haddad-para-encarar-bolsonaro-em-2022-haddad-e1612521251416.jpg\" alt=\"\" width=\"996\" height=\"627\" srcset=\"https:\/\/mspontocom.com.br\/site\/wp-content\/uploads\/2021\/02\/site-pt-vai-de-haddad-para-encarar-bolsonaro-em-2022-haddad-e1612521251416.jpg 996w, https:\/\/mspontocom.com.br\/site\/wp-content\/uploads\/2021\/02\/site-pt-vai-de-haddad-para-encarar-bolsonaro-em-2022-haddad-e1612521251416-260x164.jpg 260w, https:\/\/mspontocom.com.br\/site\/wp-content\/uploads\/2021\/02\/site-pt-vai-de-haddad-para-encarar-bolsonaro-em-2022-haddad-e1612521251416-768x483.jpg 768w\" sizes=\"(max-width: 996px) 100vw, 996px\" \/><\/p>\n<p style=\"text-align: justify;\">Candidato do PT nas elei\u00e7\u00f5es presidenciais de 2018, <strong>Fernando Haddad<\/strong> confirmou\u00a0\u00a0que, a pedido do ex-presidente Lula, est\u00e1 colocando \u201co bloco na rua\u201d.<\/p>\n<p style=\"text-align: justify;\"><strong>\u201cEle me chamou para uma conversa no \u00faltimo s\u00e1bado e disse que n\u00e3o temos mais tempo para esperar. Me pediu para colocar o bloco na rua e eu aceitei\u201d,<\/strong> afirmou Haddad.<\/p>\n<p style=\"text-align: justify;\">Com a decis\u00e3o, Lula confirma que o ex-prefeito de S\u00e3o Paulo continua sendo a primeira op\u00e7\u00e3o, caso ele siga impedido de entrar na disputa.<\/p>\n<p style=\"text-align: justify;\">Ainda neste m\u00eas, Haddad deve ir \u00e0 Minas Gerais e, em breve, far\u00e1 incurs\u00f5es pelo Brasil.<\/p>\n<p style=\"text-align: justify;\"><strong>Lula<\/strong> tamb\u00e9m j\u00e1 planeja agenda pelo pa\u00eds \u2013 em princ\u00edpio mais restrita devido \u00e0 pandemia do coronav\u00edrus.<\/p>\n<p style=\"text-align: justify;\">Os dois petistas tamb\u00e9m devem viajar juntos para alguns destinos.<\/p>\n<p>&nbsp;<\/p>\n<p>Foto: Ricardo Stuckert<\/p>\n","protected":false},"excerpt":{"rendered":"<p>Candidato do PT nas elei\u00e7\u00f5es presidenciais de 2018, Fernando Haddad confirmou\u00a0\u00a0que, a pedido do ex-presidente Lula, est\u00e1 colocando \u201co bloco na rua\u201d. \u201cEle me chamou para uma conversa no \u00faltimo s\u00e1bado e disse que n\u00e3o temos mais tempo para esperar. Me pediu para colocar o bloco na rua e eu aceitei\u201d, afirmou Haddad. Com a [&hellip;]<\/p>\n","protected":false},"author":2,"featured_media":156352,"comment_status":"open","ping_status":"open","sticky":false,"template":"","format":"standard","meta":{"_monsterinsights_skip_tracking":false,"_monsterinsights_sitenote_active":false,"_monsterinsights_sitenote_note":"","_monsterinsights_sitenote_category":0},"categories":[30260,30259,12],"tags":[36005,5361,533],"aioseo_notices":[],"_links":{"self":[{"href":"https:\/\/mspontocom.com.br\/site\/wp-json\/wp\/v2\/posts\/156351"}],"collection":[{"href":"https:\/\/mspontocom.com.br\/site\/wp-json\/wp\/v2\/posts"}],"about":[{"href":"https:\/\/mspontocom.com.br\/site\/wp-json\/wp\/v2\/types\/post"}],"author":[{"embeddable":true,"href":"https:\/\/mspontocom.com.br\/site\/wp-json\/wp\/v2\/users\/2"}],"replies":[{"embeddable":true,"href":"https:\/\/mspontocom.com.br\/site\/wp-json\/wp\/v2\/comments?post=156351"}],"version-history":[{"count":1,"href":"https:\/\/mspontocom.com.br\/site\/wp-json\/wp\/v2\/posts\/156351\/revisions"}],"predecessor-version":[{"id":156353,"href":"https:\/\/mspontocom.com.br\/site\/wp-json\/wp\/v2\/posts\/156351\/revisions\/156353"}],"wp:featuredmedia":[{"embeddable":true,"href":"https:\/\/mspontocom.com.br\/site\/wp-json\/wp\/v2\/media\/156352"}],"wp:attachment":[{"href":"https:\/\/mspontocom.com.br\/site\/wp-json\/wp\/v2\/media?parent=156351"}],"wp:term":[{"taxonomy":"category","embeddable":true,"href":"https:\/\/mspontocom.com.br\/site\/wp-json\/wp\/v2\/categories?post=156351"},{"taxonomy":"post_tag","embeddable":true,"href":"https:\/\/mspontocom.com.br\/site\/wp-json\/wp\/v2\/tags?post=156351"}],"curies":[{"name":"wp","href":"https:\/\/api.w.org\/{rel}","templated":true}]}}