{"id":156419,"date":"2021-02-08T04:59:54","date_gmt":"2021-02-08T08:59:54","guid":{"rendered":"https:\/\/mspontocom.com.br\/site\/?p=156419"},"modified":"2021-02-08T04:59:54","modified_gmt":"2021-02-08T08:59:54","slug":"novo-congresso-pode-fixar-dez-anos-mandatos-para-ministros-do-stf","status":"publish","type":"post","link":"https:\/\/mspontocom.com.br\/site\/novo-congresso-pode-fixar-dez-anos-mandatos-para-ministros-do-stf\/","title":{"rendered":"&#8220;Novo Congresso&#8221; pode fixar dez anos mandatos para ministros do STF"},"content":{"rendered":"<p style=\"text-align: justify;\"><img loading=\"lazy\" class=\"alignnone size-full wp-image-156420\" src=\"https:\/\/mspontocom.com.br\/site\/wp-content\/uploads\/2021\/02\/site-novo-congresso-pode-fixar-dez-anos-mandatos-para-ministros-do-stf-stf-ministros-e1612774736909.jpg\" alt=\"\" width=\"689\" height=\"291\" srcset=\"https:\/\/mspontocom.com.br\/site\/wp-content\/uploads\/2021\/02\/site-novo-congresso-pode-fixar-dez-anos-mandatos-para-ministros-do-stf-stf-ministros-e1612774736909.jpg 689w, https:\/\/mspontocom.com.br\/site\/wp-content\/uploads\/2021\/02\/site-novo-congresso-pode-fixar-dez-anos-mandatos-para-ministros-do-stf-stf-ministros-e1612774736909-260x110.jpg 260w\" sizes=\"(max-width: 689px) 100vw, 689px\" \/><\/p>\n<p style=\"text-align: justify;\">O entusiasmo do centr\u00e3o e de bolsonaristas e at\u00e9 de pol\u00edticos sem afinidades com esses grupos indica que nada ser\u00e1 como antes, ao final da atual legislatura, no Supremo Tribunal Federal (STF)<\/p>\n<p style=\"text-align: justify;\">\u00a0Ganha for\u00e7a projeto do senador Lasier Martins (PSD-RS) que fixa mandato de dez anos para ministros do STF.<\/p>\n<p style=\"text-align: justify;\">O projeto de Lasier j\u00e1 foi relatado por Antonio Anastasia (PSD-MG), mas est\u00e1 na intermin\u00e1vel fila da Comiss\u00e3o de Constitui\u00e7\u00e3o e Justi\u00e7a.<\/p>\n<p style=\"text-align: justify;\">A informa\u00e7\u00e3o \u00e9 da\u00a0<a href=\"https:\/\/diariodopoder.com.br\/coluna-claudio-humberto\">Coluna Cl\u00e1udio Humberto<\/a>, do\u00a0<strong>Di\u00e1rio do Poder<\/strong>.<\/p>\n","protected":false},"excerpt":{"rendered":"<p>O entusiasmo do centr\u00e3o e de bolsonaristas e at\u00e9 de pol\u00edticos sem afinidades com esses grupos indica que nada ser\u00e1 como antes, ao final da atual legislatura, no Supremo Tribunal Federal (STF) \u00a0Ganha for\u00e7a projeto do senador Lasier Martins (PSD-RS) que fixa mandato de dez anos para ministros do STF. O projeto de Lasier j\u00e1 [&hellip;]<\/p>\n","protected":false},"author":2,"featured_media":156420,"comment_status":"open","ping_status":"open","sticky":false,"template":"","format":"standard","meta":{"_monsterinsights_skip_tracking":false,"_monsterinsights_sitenote_active":false,"_monsterinsights_sitenote_note":"","_monsterinsights_sitenote_category":0},"categories":[30260,30259,12],"tags":[37045,7419,37046,37044],"aioseo_notices":[],"_links":{"self":[{"href":"https:\/\/mspontocom.com.br\/site\/wp-json\/wp\/v2\/posts\/156419"}],"collection":[{"href":"https:\/\/mspontocom.com.br\/site\/wp-json\/wp\/v2\/posts"}],"about":[{"href":"https:\/\/mspontocom.com.br\/site\/wp-json\/wp\/v2\/types\/post"}],"author":[{"embeddable":true,"href":"https:\/\/mspontocom.com.br\/site\/wp-json\/wp\/v2\/users\/2"}],"replies":[{"embeddable":true,"href":"https:\/\/mspontocom.com.br\/site\/wp-json\/wp\/v2\/comments?post=156419"}],"version-history":[{"count":1,"href":"https:\/\/mspontocom.com.br\/site\/wp-json\/wp\/v2\/posts\/156419\/revisions"}],"predecessor-version":[{"id":156421,"href":"https:\/\/mspontocom.com.br\/site\/wp-json\/wp\/v2\/posts\/156419\/revisions\/156421"}],"wp:featuredmedia":[{"embeddable":true,"href":"https:\/\/mspontocom.com.br\/site\/wp-json\/wp\/v2\/media\/156420"}],"wp:attachment":[{"href":"https:\/\/mspontocom.com.br\/site\/wp-json\/wp\/v2\/media?parent=156419"}],"wp:term":[{"taxonomy":"category","embeddable":true,"href":"https:\/\/mspontocom.com.br\/site\/wp-json\/wp\/v2\/categories?post=156419"},{"taxonomy":"post_tag","embeddable":true,"href":"https:\/\/mspontocom.com.br\/site\/wp-json\/wp\/v2\/tags?post=156419"}],"curies":[{"name":"wp","href":"https:\/\/api.w.org\/{rel}","templated":true}]}}