{"id":156422,"date":"2021-02-08T05:12:31","date_gmt":"2021-02-08T09:12:31","guid":{"rendered":"https:\/\/mspontocom.com.br\/site\/?p=156422"},"modified":"2021-02-08T05:12:31","modified_gmt":"2021-02-08T09:12:31","slug":"prisao-em-segunda-instancia-depende-das-ruas-e-redes-sociais-dizem-deputados","status":"publish","type":"post","link":"https:\/\/mspontocom.com.br\/site\/prisao-em-segunda-instancia-depende-das-ruas-e-redes-sociais-dizem-deputados\/","title":{"rendered":"Pris\u00e3o em Segunda Inst\u00e2ncia depende das ruas e redes sociais, dizem deputados"},"content":{"rendered":"<p style=\"text-align: justify;\"><img loading=\"lazy\" class=\"alignnone size-full wp-image-156423\" src=\"https:\/\/mspontocom.com.br\/site\/wp-content\/uploads\/2021\/02\/site-prisao-em-segunda-instancia-depende-das-ruas-e-redes-sociais-dizem-deputados-pri.jpg\" alt=\"\" width=\"512\" height=\"341\" srcset=\"https:\/\/mspontocom.com.br\/site\/wp-content\/uploads\/2021\/02\/site-prisao-em-segunda-instancia-depende-das-ruas-e-redes-sociais-dizem-deputados-pri.jpg 512w, https:\/\/mspontocom.com.br\/site\/wp-content\/uploads\/2021\/02\/site-prisao-em-segunda-instancia-depende-das-ruas-e-redes-sociais-dizem-deputados-pri-260x173.jpg 260w\" sizes=\"(max-width: 512px) 100vw, 512px\" \/><\/p>\n<p style=\"text-align: justify;\">A PEC (Proposta de Emenda \u00e0 Constitui\u00e7\u00e3o) que possibilita a <strong>pris\u00e3o ap\u00f3s condena\u00e7\u00e3o em segunda inst\u00e2ncia<\/strong> foi deixada de fora da lista de prioridades do governo para o Congresso Nacional.<\/p>\n<p style=\"text-align: justify;\">Os deputados federais Alex Manente (Cidadania-SP) e F\u00e1bio Trad (PSD-MS) apostam, ent\u00e3o, na <strong>mobiliza\u00e7\u00e3o das ruas e das redes sociais<\/strong> para ressuscitar a proposta e aprov\u00e1-la na C\u00e2mara.<\/p>\n<p style=\"text-align: justify;\"><span style=\"color: #ff0000;\">&#8220;Creio que o mais importante \u00e9 retomar na sociedade esse debate. Acredito que, com a retomada da comiss\u00e3o, esse debate volte, porque n\u00e3o h\u00e1 quem consiga segurar uma mat\u00e9ria como essa, que \u00e9 um anseio da popula\u00e7\u00e3o&#8221;,<\/span> afirmou Manente, autor da PEC.<\/p>\n<p style=\"text-align: justify;\">A PEC est\u00e1 parada na comiss\u00e3o especial criada para o texto desde mar\u00e7o do ano passado, quando a pandemia eclodiu no Brasil e a maioria das atividades na C\u00e2mara foi suspensa.<\/p>\n<p style=\"text-align: justify;\">\u00a0No ano passado, o ex-presidente Rodrigo Maia (DEM-RJ) teria prometido colocar o texto em vota\u00e7\u00e3o no segundo semestre, mas nada saiu do papel.<\/p>\n<p style=\"text-align: justify;\">Agora, Manente e Trad esperam que a instala\u00e7\u00e3o nas pr\u00f3ximas semanas de comiss\u00f5es paralisadas, como pretende Arthur Lira, coloque o tema em voga.<\/p>\n","protected":false},"excerpt":{"rendered":"<p>A PEC (Proposta de Emenda \u00e0 Constitui\u00e7\u00e3o) que possibilita a pris\u00e3o ap\u00f3s condena\u00e7\u00e3o em segunda inst\u00e2ncia foi deixada de fora da lista de prioridades do governo para o Congresso Nacional. Os deputados federais Alex Manente (Cidadania-SP) e F\u00e1bio Trad (PSD-MS) apostam, ent\u00e3o, na mobiliza\u00e7\u00e3o das ruas e das redes sociais para ressuscitar a proposta e [&hellip;]<\/p>\n","protected":false},"author":2,"featured_media":156423,"comment_status":"open","ping_status":"open","sticky":false,"template":"","format":"standard","meta":{"_monsterinsights_skip_tracking":false,"_monsterinsights_sitenote_active":false,"_monsterinsights_sitenote_note":"","_monsterinsights_sitenote_category":0},"categories":[2528,30259],"tags":[37047,1790,2443,25322,29516],"aioseo_notices":[],"_links":{"self":[{"href":"https:\/\/mspontocom.com.br\/site\/wp-json\/wp\/v2\/posts\/156422"}],"collection":[{"href":"https:\/\/mspontocom.com.br\/site\/wp-json\/wp\/v2\/posts"}],"about":[{"href":"https:\/\/mspontocom.com.br\/site\/wp-json\/wp\/v2\/types\/post"}],"author":[{"embeddable":true,"href":"https:\/\/mspontocom.com.br\/site\/wp-json\/wp\/v2\/users\/2"}],"replies":[{"embeddable":true,"href":"https:\/\/mspontocom.com.br\/site\/wp-json\/wp\/v2\/comments?post=156422"}],"version-history":[{"count":1,"href":"https:\/\/mspontocom.com.br\/site\/wp-json\/wp\/v2\/posts\/156422\/revisions"}],"predecessor-version":[{"id":156424,"href":"https:\/\/mspontocom.com.br\/site\/wp-json\/wp\/v2\/posts\/156422\/revisions\/156424"}],"wp:featuredmedia":[{"embeddable":true,"href":"https:\/\/mspontocom.com.br\/site\/wp-json\/wp\/v2\/media\/156423"}],"wp:attachment":[{"href":"https:\/\/mspontocom.com.br\/site\/wp-json\/wp\/v2\/media?parent=156422"}],"wp:term":[{"taxonomy":"category","embeddable":true,"href":"https:\/\/mspontocom.com.br\/site\/wp-json\/wp\/v2\/categories?post=156422"},{"taxonomy":"post_tag","embeddable":true,"href":"https:\/\/mspontocom.com.br\/site\/wp-json\/wp\/v2\/tags?post=156422"}],"curies":[{"name":"wp","href":"https:\/\/api.w.org\/{rel}","templated":true}]}}