{"id":156466,"date":"2021-02-09T05:26:16","date_gmt":"2021-02-09T09:26:16","guid":{"rendered":"https:\/\/mspontocom.com.br\/site\/?p=156466"},"modified":"2021-02-09T05:26:16","modified_gmt":"2021-02-09T09:26:16","slug":"maia-nao-sabe-perder-e-tem-apego-ao-poder-diz-presidente-do-dem","status":"publish","type":"post","link":"https:\/\/mspontocom.com.br\/site\/maia-nao-sabe-perder-e-tem-apego-ao-poder-diz-presidente-do-dem\/","title":{"rendered":"&#8220;Maia n\u00e3o sabe perder e tem apego ao poder&#8221;, diz presidente do DEM"},"content":{"rendered":"<p style=\"text-align: justify;\"><img loading=\"lazy\" class=\"alignnone size-full wp-image-155225\" src=\"https:\/\/mspontocom.com.br\/site\/wp-content\/uploads\/2021\/01\/site-nas-redes-sociais-maia-chama-governo-de-bolsonaro-de-incompetente-maia-e1612862681495.jpg\" alt=\"\" width=\"644\" height=\"403\" srcset=\"https:\/\/mspontocom.com.br\/site\/wp-content\/uploads\/2021\/01\/site-nas-redes-sociais-maia-chama-governo-de-bolsonaro-de-incompetente-maia-e1612862681495.jpg 644w, https:\/\/mspontocom.com.br\/site\/wp-content\/uploads\/2021\/01\/site-nas-redes-sociais-maia-chama-governo-de-bolsonaro-de-incompetente-maia-e1612862681495-260x163.jpg 260w\" sizes=\"(max-width: 644px) 100vw, 644px\" \/><\/p>\n<p style=\"text-align: justify;\">Ap\u00f3s cr\u00edticas \u00e0 c\u00fapula do Democratas, o presidente nacional do partido, ACM Neto (DEM-BA), afirmou que o ex-presidente da C\u00e2mara dos Deputados Rodrigo Maia (DEM-RJ)<strong> &#8220;n\u00e3o sabe perder e tem apego ao poder&#8221;,<\/strong> durante entrevista concedida \u00e0 CNN Brasil.<\/p>\n<p style=\"text-align: justify;\">&#8220;O que a gente percebe \u00e9 que o Rodrigo [Maia] procura culpados e desculpas tentando se esquivar dos pr\u00f3prios erros que cometeu neste processo. Eu lamento que ele saia t\u00e3o pequeno da presid\u00eancia da C\u00e2mara, foi um presidente para o Brasil, mas est\u00e1 dando uma clara demonstra\u00e7\u00e3o de que n\u00e3o sabe perder e tem apego ao poder&#8221;, declarou.<\/p>\n<p style=\"text-align: justify;\">Mais reafirmou que deixar\u00e1 o partido ap\u00f3s se sentir tra\u00eddo por ACM Neto, pois, segundo ele, o ex-prefeito de Salvador havia dado sua palavra que o DEM apoiaria a candidatura de Baleia, mas recuou.<\/p>\n<p style=\"text-align: justify;\">Maia tamb\u00e9m criticou Caiado por defender o bloco de Baleia, mas articular nos bastidores em favor de Lira. Segundo Maia, faltou &#8220;car\u00e1ter&#8221; aos dois correligion\u00e1rios.<\/p>\n","protected":false},"excerpt":{"rendered":"<p>Ap\u00f3s cr\u00edticas \u00e0 c\u00fapula do Democratas, o presidente nacional do partido, ACM Neto (DEM-BA), afirmou que o ex-presidente da C\u00e2mara dos Deputados Rodrigo Maia (DEM-RJ) &#8220;n\u00e3o sabe perder e tem apego ao poder&#8221;, durante entrevista concedida \u00e0 CNN Brasil. &#8220;O que a gente percebe \u00e9 que o Rodrigo [Maia] procura culpados e desculpas tentando se [&hellip;]<\/p>\n","protected":false},"author":2,"featured_media":155225,"comment_status":"open","ping_status":"open","sticky":false,"template":"","format":"standard","meta":{"_monsterinsights_skip_tracking":false,"_monsterinsights_sitenote_active":false,"_monsterinsights_sitenote_note":"","_monsterinsights_sitenote_category":0},"categories":[30260,30259,12],"tags":[27984,6984,7198,25750,24714,583],"aioseo_notices":[],"_links":{"self":[{"href":"https:\/\/mspontocom.com.br\/site\/wp-json\/wp\/v2\/posts\/156466"}],"collection":[{"href":"https:\/\/mspontocom.com.br\/site\/wp-json\/wp\/v2\/posts"}],"about":[{"href":"https:\/\/mspontocom.com.br\/site\/wp-json\/wp\/v2\/types\/post"}],"author":[{"embeddable":true,"href":"https:\/\/mspontocom.com.br\/site\/wp-json\/wp\/v2\/users\/2"}],"replies":[{"embeddable":true,"href":"https:\/\/mspontocom.com.br\/site\/wp-json\/wp\/v2\/comments?post=156466"}],"version-history":[{"count":1,"href":"https:\/\/mspontocom.com.br\/site\/wp-json\/wp\/v2\/posts\/156466\/revisions"}],"predecessor-version":[{"id":156467,"href":"https:\/\/mspontocom.com.br\/site\/wp-json\/wp\/v2\/posts\/156466\/revisions\/156467"}],"wp:featuredmedia":[{"embeddable":true,"href":"https:\/\/mspontocom.com.br\/site\/wp-json\/wp\/v2\/media\/155225"}],"wp:attachment":[{"href":"https:\/\/mspontocom.com.br\/site\/wp-json\/wp\/v2\/media?parent=156466"}],"wp:term":[{"taxonomy":"category","embeddable":true,"href":"https:\/\/mspontocom.com.br\/site\/wp-json\/wp\/v2\/categories?post=156466"},{"taxonomy":"post_tag","embeddable":true,"href":"https:\/\/mspontocom.com.br\/site\/wp-json\/wp\/v2\/tags?post=156466"}],"curies":[{"name":"wp","href":"https:\/\/api.w.org\/{rel}","templated":true}]}}