{"id":156486,"date":"2021-02-09T08:02:16","date_gmt":"2021-02-09T12:02:16","guid":{"rendered":"https:\/\/mspontocom.com.br\/site\/?p=156486"},"modified":"2021-02-09T08:31:44","modified_gmt":"2021-02-09T12:31:44","slug":"maioria-dos-brasileiros-acha-que-o-brasil-estaria-pior-se-lula-fosse-o-presidente","status":"publish","type":"post","link":"https:\/\/mspontocom.com.br\/site\/maioria-dos-brasileiros-acha-que-o-brasil-estaria-pior-se-lula-fosse-o-presidente\/","title":{"rendered":"Maioria dos brasileiros acha que o Brasil estaria pior se Lula fosse o presidente"},"content":{"rendered":"<p style=\"text-align: justify;\"><img loading=\"lazy\" class=\"alignnone size-full wp-image-156488\" src=\"https:\/\/mspontocom.com.br\/site\/wp-content\/uploads\/2021\/02\/site-maioria-dos-brasileiros-acha-que-o-brasil-estaria-pior-com-lula-presidente-lula.jpg\" alt=\"\" width=\"660\" height=\"371\" srcset=\"https:\/\/mspontocom.com.br\/site\/wp-content\/uploads\/2021\/02\/site-maioria-dos-brasileiros-acha-que-o-brasil-estaria-pior-com-lula-presidente-lula.jpg 660w, https:\/\/mspontocom.com.br\/site\/wp-content\/uploads\/2021\/02\/site-maioria-dos-brasileiros-acha-que-o-brasil-estaria-pior-com-lula-presidente-lula-260x146.jpg 260w\" sizes=\"(max-width: 660px) 100vw, 660px\" \/><\/p>\n<p style=\"text-align: justify;\">Se Lula fosse Presidente do Brasil atualmente, em sua opini\u00e3o, o Brasil estaria melhor pior ou igual ao que est\u00e1 hoje?<\/p>\n<p style=\"text-align: justify;\">A pesquisa foi realizada pelo Instituto Paran\u00e1 pesquisa.<\/p>\n<p style=\"text-align: justify;\">Para a realiza\u00e7\u00e3o desta pesquisa foi utilizada uma amostra de 2002 eleitores,\u00a0sendo esta estratificada segundo sexo, faixa et\u00e1ria, grau de escolaridade, n\u00edvel econ\u00f4mico e posi\u00e7\u00e3o geogr\u00e1fica.<\/p>\n<p style=\"text-align: justify;\">O trabalho de levantamento dos dados foi feito atrav\u00e9s de entrevistas pessoais telef\u00f4nicas, com eleitores com 16 anos ou mais, em 26 Estados e Distrito Federal e em 204 munic\u00edpios brasileiros durante<br \/>\nos dias 22 a 26 de janeiro de 2021,<\/p>\n<p style=\"text-align: justify;\">Tal amostra representativa do Brasil atinge um grau de confian\u00e7a de 95,0% para uma margem estimada de erro de aproximadamente 2,0%<\/p>\n<p style=\"text-align: justify;\"><strong>Acesse aqui:<\/strong><\/p>\n<p style=\"text-align: justify;\"><a href=\"https:\/\/mspontocom.com.br\/site\/wp-content\/uploads\/2021\/02\/site-maioria-dos-brasileiros-acha-que-o-brasil-estaria-pior-com-lula-presidente-midialula-fev21.pdf\">M\u00eddiaLula-Fev21<\/a><\/p>\n<p>&nbsp;<\/p>\n<p>&nbsp;<\/p>\n","protected":false},"excerpt":{"rendered":"<p>Se Lula fosse Presidente do Brasil atualmente, em sua opini\u00e3o, o Brasil estaria melhor pior ou igual ao que est\u00e1 hoje? A pesquisa foi realizada pelo Instituto Paran\u00e1 pesquisa. Para a realiza\u00e7\u00e3o desta pesquisa foi utilizada uma amostra de 2002 eleitores,\u00a0sendo esta estratificada segundo sexo, faixa et\u00e1ria, grau de escolaridade, n\u00edvel econ\u00f4mico e posi\u00e7\u00e3o geogr\u00e1fica. [&hellip;]<\/p>\n","protected":false},"author":2,"featured_media":156488,"comment_status":"open","ping_status":"open","sticky":false,"template":"","format":"standard","meta":{"_monsterinsights_skip_tracking":false,"_monsterinsights_sitenote_active":false,"_monsterinsights_sitenote_note":"","_monsterinsights_sitenote_category":0},"categories":[30259,12],"tags":[359,480,24584,37072,733,37071,583],"aioseo_notices":[],"_links":{"self":[{"href":"https:\/\/mspontocom.com.br\/site\/wp-json\/wp\/v2\/posts\/156486"}],"collection":[{"href":"https:\/\/mspontocom.com.br\/site\/wp-json\/wp\/v2\/posts"}],"about":[{"href":"https:\/\/mspontocom.com.br\/site\/wp-json\/wp\/v2\/types\/post"}],"author":[{"embeddable":true,"href":"https:\/\/mspontocom.com.br\/site\/wp-json\/wp\/v2\/users\/2"}],"replies":[{"embeddable":true,"href":"https:\/\/mspontocom.com.br\/site\/wp-json\/wp\/v2\/comments?post=156486"}],"version-history":[{"count":1,"href":"https:\/\/mspontocom.com.br\/site\/wp-json\/wp\/v2\/posts\/156486\/revisions"}],"predecessor-version":[{"id":156489,"href":"https:\/\/mspontocom.com.br\/site\/wp-json\/wp\/v2\/posts\/156486\/revisions\/156489"}],"wp:featuredmedia":[{"embeddable":true,"href":"https:\/\/mspontocom.com.br\/site\/wp-json\/wp\/v2\/media\/156488"}],"wp:attachment":[{"href":"https:\/\/mspontocom.com.br\/site\/wp-json\/wp\/v2\/media?parent=156486"}],"wp:term":[{"taxonomy":"category","embeddable":true,"href":"https:\/\/mspontocom.com.br\/site\/wp-json\/wp\/v2\/categories?post=156486"},{"taxonomy":"post_tag","embeddable":true,"href":"https:\/\/mspontocom.com.br\/site\/wp-json\/wp\/v2\/tags?post=156486"}],"curies":[{"name":"wp","href":"https:\/\/api.w.org\/{rel}","templated":true}]}}