{"id":156507,"date":"2021-02-10T05:30:26","date_gmt":"2021-02-10T09:30:26","guid":{"rendered":"https:\/\/mspontocom.com.br\/site\/?p=156507"},"modified":"2021-02-10T05:30:26","modified_gmt":"2021-02-10T09:30:26","slug":"decisao-do-stf-opositores-veem-exito-da-corrupcao-e-da-impunidade","status":"publish","type":"post","link":"https:\/\/mspontocom.com.br\/site\/decisao-do-stf-opositores-veem-exito-da-corrupcao-e-da-impunidade\/","title":{"rendered":"Decis\u00e3o do STF: Opositores veem \u00eaxito da corrup\u00e7\u00e3o e da impunidade"},"content":{"rendered":"<p style=\"text-align: justify;\"><img loading=\"lazy\" class=\"alignnone size-full wp-image-156508\" src=\"https:\/\/mspontocom.com.br\/site\/wp-content\/uploads\/2021\/02\/site-decisao-do-stf-opositores-veem-exito-da-corrupcao-e-da-impunidade-lula-rindo-696x464-e1612949316255.jpeg\" alt=\"\" width=\"586\" height=\"410\" srcset=\"https:\/\/mspontocom.com.br\/site\/wp-content\/uploads\/2021\/02\/site-decisao-do-stf-opositores-veem-exito-da-corrupcao-e-da-impunidade-lula-rindo-696x464-e1612949316255.jpeg 586w, https:\/\/mspontocom.com.br\/site\/wp-content\/uploads\/2021\/02\/site-decisao-do-stf-opositores-veem-exito-da-corrupcao-e-da-impunidade-lula-rindo-696x464-e1612949316255-260x182.jpeg 260w\" sizes=\"(max-width: 586px) 100vw, 586px\" \/><\/p>\n<p style=\"text-align: justify;\">As for\u00e7as pol\u00edticas que se op\u00f5em em rela\u00e7\u00e3o \u00e0 condena\u00e7\u00e3o do ex-presidente Luiz In\u00e1cio Lula da Silva (PT) pela Lava Jato se evidenciaram\u00a0 ap\u00f3s a decis\u00e3o do STF que liberou o compartilhamento da \u00edntegra das mensagens vazadas da for\u00e7a-tarefa de Curitiba com a defesa de Lula.<\/p>\n<p style=\"text-align: justify;\">Os aliados de Lula que fazem oposi\u00e7\u00e3o ao governo do presidente Jair Bolsonaro comemoraram, enquanto opositores do ex-presidente viram na decis\u00e3o <strong>uma vit\u00f3ria da corrup\u00e7\u00e3o e da impunidade<\/strong>, j\u00e1 que o acesso \u00e0s mensagens abre caminho para uma poss\u00edvel anula\u00e7\u00e3o, por exemplo, da senten\u00e7a que manteve Lula preso por mais de um ano e meio.<\/p>\n<p style=\"text-align: justify;\">O vereador paulistano teve sua origem pol\u00edtica no<strong> MBL (Movimento Brasil Livre),<\/strong> que tem o deputado federal Kim Kataguiri (DEM) como um de seus l\u00edderes comentou:<\/p>\n<p style=\"text-align: justify;\">&#8220;Formou-se maioria para que o STF pavimente o caminho para anula\u00e7\u00e3o da senten\u00e7a de Lula. Nesse momento quem comemora isso s\u00e3o os maiores criminosos do Brasil&#8221;<\/p>\n","protected":false},"excerpt":{"rendered":"<p>As for\u00e7as pol\u00edticas que se op\u00f5em em rela\u00e7\u00e3o \u00e0 condena\u00e7\u00e3o do ex-presidente Luiz In\u00e1cio Lula da Silva (PT) pela Lava Jato se evidenciaram\u00a0 ap\u00f3s a decis\u00e3o do STF que liberou o compartilhamento da \u00edntegra das mensagens vazadas da for\u00e7a-tarefa de Curitiba com a defesa de Lula. Os aliados de Lula que fazem oposi\u00e7\u00e3o ao governo [&hellip;]<\/p>\n","protected":false},"author":2,"featured_media":156508,"comment_status":"open","ping_status":"open","sticky":false,"template":"","format":"standard","meta":{"_monsterinsights_skip_tracking":false,"_monsterinsights_sitenote_active":false,"_monsterinsights_sitenote_note":"","_monsterinsights_sitenote_category":0},"categories":[30260,2528,30259],"tags":[37079,37078,37080,7618,35342],"aioseo_notices":[],"_links":{"self":[{"href":"https:\/\/mspontocom.com.br\/site\/wp-json\/wp\/v2\/posts\/156507"}],"collection":[{"href":"https:\/\/mspontocom.com.br\/site\/wp-json\/wp\/v2\/posts"}],"about":[{"href":"https:\/\/mspontocom.com.br\/site\/wp-json\/wp\/v2\/types\/post"}],"author":[{"embeddable":true,"href":"https:\/\/mspontocom.com.br\/site\/wp-json\/wp\/v2\/users\/2"}],"replies":[{"embeddable":true,"href":"https:\/\/mspontocom.com.br\/site\/wp-json\/wp\/v2\/comments?post=156507"}],"version-history":[{"count":1,"href":"https:\/\/mspontocom.com.br\/site\/wp-json\/wp\/v2\/posts\/156507\/revisions"}],"predecessor-version":[{"id":156509,"href":"https:\/\/mspontocom.com.br\/site\/wp-json\/wp\/v2\/posts\/156507\/revisions\/156509"}],"wp:featuredmedia":[{"embeddable":true,"href":"https:\/\/mspontocom.com.br\/site\/wp-json\/wp\/v2\/media\/156508"}],"wp:attachment":[{"href":"https:\/\/mspontocom.com.br\/site\/wp-json\/wp\/v2\/media?parent=156507"}],"wp:term":[{"taxonomy":"category","embeddable":true,"href":"https:\/\/mspontocom.com.br\/site\/wp-json\/wp\/v2\/categories?post=156507"},{"taxonomy":"post_tag","embeddable":true,"href":"https:\/\/mspontocom.com.br\/site\/wp-json\/wp\/v2\/tags?post=156507"}],"curies":[{"name":"wp","href":"https:\/\/api.w.org\/{rel}","templated":true}]}}