{"id":156514,"date":"2021-02-10T07:20:19","date_gmt":"2021-02-10T11:20:19","guid":{"rendered":"https:\/\/mspontocom.com.br\/site\/?p=156514"},"modified":"2021-02-10T07:20:19","modified_gmt":"2021-02-10T11:20:19","slug":"bolsonaro-lanca-programa-para-empresas-e-pessoas-fisicas-preservarem-a-amazonia","status":"publish","type":"post","link":"https:\/\/mspontocom.com.br\/site\/bolsonaro-lanca-programa-para-empresas-e-pessoas-fisicas-preservarem-a-amazonia\/","title":{"rendered":"Bolsonaro lan\u00e7a programa para empresas e pessoas f\u00edsicas preservarem a Amaz\u00f4nia"},"content":{"rendered":"<p style=\"text-align: justify;\"><img loading=\"lazy\" class=\"alignnone size-full wp-image-156517\" src=\"https:\/\/mspontocom.com.br\/site\/wp-content\/uploads\/2021\/02\/site-bolsonaro-lanca-programa-para-empresas-e-pessoas-fisicas-preservarem-a-amazonia-adote-e1612955952141.jpg\" alt=\"\" width=\"936\" height=\"600\" srcset=\"https:\/\/mspontocom.com.br\/site\/wp-content\/uploads\/2021\/02\/site-bolsonaro-lanca-programa-para-empresas-e-pessoas-fisicas-preservarem-a-amazonia-adote-e1612955952141.jpg 936w, https:\/\/mspontocom.com.br\/site\/wp-content\/uploads\/2021\/02\/site-bolsonaro-lanca-programa-para-empresas-e-pessoas-fisicas-preservarem-a-amazonia-adote-e1612955952141-260x167.jpg 260w, https:\/\/mspontocom.com.br\/site\/wp-content\/uploads\/2021\/02\/site-bolsonaro-lanca-programa-para-empresas-e-pessoas-fisicas-preservarem-a-amazonia-adote-e1612955952141-768x492.jpg 768w\" sizes=\"(max-width: 936px) 100vw, 936px\" \/>O presidente Jair Bolsonaro assinou\u00a0 decreto que cria o programa <strong>&#8220;Adote 1 Parque&#8221;<\/strong>, do Minist\u00e9rio do Meio Ambiente, para arrecadar recursos para a preserva\u00e7\u00e3o de parques da Amaz\u00f4nia.<\/p>\n<p style=\"text-align: justify;\">Com a iniciativa, o governo espera arrecadar R$ 3,2 bilh\u00f5es para investir na conserva\u00e7\u00e3o da floresta.<\/p>\n<p style=\"text-align: justify;\"><strong>O programa permite que empresas e pessoas f\u00edsicas, nacionais e estrangeiras, possam adotar uma das 132 unidades de conserva\u00e7\u00e3o da regi\u00e3o amaz\u00f4nica por um ano. <\/strong><\/p>\n<p style=\"text-align: justify;\">Para entes nacionais, o valor \u00e9 de R$ 50 por hectare e \u20ac 10 para empresas estrangeiras.<\/p>\n<p style=\"text-align: justify;\">A ado\u00e7\u00e3o da \u00e1rea pode ser prorrogada por at\u00e9 cinco anos.<\/p>\n<p style=\"text-align: justify;\">Segundo Salles, o programa &#8220;simboliza uma aproxima\u00e7\u00e3o do setor privado&#8221;, que cada vez mais se interessa pela conserva\u00e7\u00e3o do meio ambiente.<\/p>\n<p style=\"text-align: justify;\">No evento, Bolsonaro voltou a dizer que o Brasil \u00e9 o Pa\u00eds que mais preserva o meio ambiente.<\/p>\n","protected":false},"excerpt":{"rendered":"<p>O presidente Jair Bolsonaro assinou\u00a0 decreto que cria o programa &#8220;Adote 1 Parque&#8221;, do Minist\u00e9rio do Meio Ambiente, para arrecadar recursos para a preserva\u00e7\u00e3o de parques da Amaz\u00f4nia. Com a iniciativa, o governo espera arrecadar R$ 3,2 bilh\u00f5es para investir na conserva\u00e7\u00e3o da floresta. O programa permite que empresas e pessoas f\u00edsicas, nacionais e estrangeiras, [&hellip;]<\/p>\n","protected":false},"author":2,"featured_media":156517,"comment_status":"open","ping_status":"open","sticky":false,"template":"","format":"standard","meta":{"_monsterinsights_skip_tracking":false,"_monsterinsights_sitenote_active":false,"_monsterinsights_sitenote_note":"","_monsterinsights_sitenote_category":0},"categories":[6,30260,30259],"tags":[37081,1474,21017,1710,31390,25000],"aioseo_notices":[],"_links":{"self":[{"href":"https:\/\/mspontocom.com.br\/site\/wp-json\/wp\/v2\/posts\/156514"}],"collection":[{"href":"https:\/\/mspontocom.com.br\/site\/wp-json\/wp\/v2\/posts"}],"about":[{"href":"https:\/\/mspontocom.com.br\/site\/wp-json\/wp\/v2\/types\/post"}],"author":[{"embeddable":true,"href":"https:\/\/mspontocom.com.br\/site\/wp-json\/wp\/v2\/users\/2"}],"replies":[{"embeddable":true,"href":"https:\/\/mspontocom.com.br\/site\/wp-json\/wp\/v2\/comments?post=156514"}],"version-history":[{"count":2,"href":"https:\/\/mspontocom.com.br\/site\/wp-json\/wp\/v2\/posts\/156514\/revisions"}],"predecessor-version":[{"id":156518,"href":"https:\/\/mspontocom.com.br\/site\/wp-json\/wp\/v2\/posts\/156514\/revisions\/156518"}],"wp:featuredmedia":[{"embeddable":true,"href":"https:\/\/mspontocom.com.br\/site\/wp-json\/wp\/v2\/media\/156517"}],"wp:attachment":[{"href":"https:\/\/mspontocom.com.br\/site\/wp-json\/wp\/v2\/media?parent=156514"}],"wp:term":[{"taxonomy":"category","embeddable":true,"href":"https:\/\/mspontocom.com.br\/site\/wp-json\/wp\/v2\/categories?post=156514"},{"taxonomy":"post_tag","embeddable":true,"href":"https:\/\/mspontocom.com.br\/site\/wp-json\/wp\/v2\/tags?post=156514"}],"curies":[{"name":"wp","href":"https:\/\/api.w.org\/{rel}","templated":true}]}}