{"id":156557,"date":"2021-02-11T06:15:44","date_gmt":"2021-02-11T10:15:44","guid":{"rendered":"https:\/\/mspontocom.com.br\/site\/?p=156557"},"modified":"2021-02-11T06:15:44","modified_gmt":"2021-02-11T10:15:44","slug":"ou-povo-reage-ou-tera-coisa-pior-diz-lula-em-ataque-a-bolsonaro","status":"publish","type":"post","link":"https:\/\/mspontocom.com.br\/site\/ou-povo-reage-ou-tera-coisa-pior-diz-lula-em-ataque-a-bolsonaro\/","title":{"rendered":"&#8220;Ou povo reage, ou ter\u00e1 coisa pior&#8221;, diz Lula em ataque a Bolsonaro"},"content":{"rendered":"<p style=\"text-align: justify;\"><img loading=\"lazy\" class=\"alignnone size-full wp-image-156558\" src=\"https:\/\/mspontocom.com.br\/site\/wp-content\/uploads\/2021\/02\/site-lula-ataca-bolsonaro-ou-povo-reage-ou-tera-coisa-pior-lulanaro-e1613038458425.jpg\" alt=\"\" width=\"774\" height=\"393\" srcset=\"https:\/\/mspontocom.com.br\/site\/wp-content\/uploads\/2021\/02\/site-lula-ataca-bolsonaro-ou-povo-reage-ou-tera-coisa-pior-lulanaro-e1613038458425.jpg 774w, https:\/\/mspontocom.com.br\/site\/wp-content\/uploads\/2021\/02\/site-lula-ataca-bolsonaro-ou-povo-reage-ou-tera-coisa-pior-lulanaro-e1613038458425-260x132.jpg 260w, https:\/\/mspontocom.com.br\/site\/wp-content\/uploads\/2021\/02\/site-lula-ataca-bolsonaro-ou-povo-reage-ou-tera-coisa-pior-lulanaro-e1613038458425-768x390.jpg 768w\" sizes=\"(max-width: 774px) 100vw, 774px\" \/>O ex-presidente Lula usou seu discurso no evento online de comemora\u00e7\u00e3o aos 41 anos do PT para atacar o governo de Jair Bolsonaro e cobrar a\u00e7\u00f5es do partido e da sociedade.<\/p>\n<p style=\"text-align: justify;\">Lula disse que Bolsonaro s\u00f3 &#8220;pensa nele e na fam\u00edlia dele&#8221; e fez in\u00fameras cr\u00edticas a medidas aprovadas e defendidas pelo atual presidente, como a condu\u00e7\u00e3o do combate \u00e0 pandemia de covid-19.<\/p>\n<p style=\"text-align: justify;\">&#8220;O presidente e sua gente continuam tentando brincar com a sa\u00fade do nosso povo, mantendo no Minist\u00e9rio da Sa\u00fade um ministro que n\u00e3o entende nada de sa\u00fade&#8221;, afirmou.<\/p>\n<p style=\"text-align: justify;\">Lula instou os petistas a defenderem mudan\u00e7as com apoio popular:<\/p>\n<p style=\"text-align: justify;\"><span style=\"color: #ff0000;\">&#8220;N\u00f3s precisamos despertar o povo dessa anestesia coletiva que a sociedade foi tomada&#8221;. &#8220;Ou esse povo reage, ou esse povo vai ser v\u00edtima de coisas muito piores&#8221;,<\/span> completou.<\/p>\n","protected":false},"excerpt":{"rendered":"<p>O ex-presidente Lula usou seu discurso no evento online de comemora\u00e7\u00e3o aos 41 anos do PT para atacar o governo de Jair Bolsonaro e cobrar a\u00e7\u00f5es do partido e da sociedade. Lula disse que Bolsonaro s\u00f3 &#8220;pensa nele e na fam\u00edlia dele&#8221; e fez in\u00fameras cr\u00edticas a medidas aprovadas e defendidas pelo atual presidente, como [&hellip;]<\/p>\n","protected":false},"author":2,"featured_media":156558,"comment_status":"open","ping_status":"open","sticky":false,"template":"","format":"standard","meta":{"_monsterinsights_skip_tracking":false,"_monsterinsights_sitenote_active":false,"_monsterinsights_sitenote_note":"","_monsterinsights_sitenote_category":0},"categories":[6,30260,30259,12],"tags":[2261,21017,480,27063],"aioseo_notices":[],"_links":{"self":[{"href":"https:\/\/mspontocom.com.br\/site\/wp-json\/wp\/v2\/posts\/156557"}],"collection":[{"href":"https:\/\/mspontocom.com.br\/site\/wp-json\/wp\/v2\/posts"}],"about":[{"href":"https:\/\/mspontocom.com.br\/site\/wp-json\/wp\/v2\/types\/post"}],"author":[{"embeddable":true,"href":"https:\/\/mspontocom.com.br\/site\/wp-json\/wp\/v2\/users\/2"}],"replies":[{"embeddable":true,"href":"https:\/\/mspontocom.com.br\/site\/wp-json\/wp\/v2\/comments?post=156557"}],"version-history":[{"count":1,"href":"https:\/\/mspontocom.com.br\/site\/wp-json\/wp\/v2\/posts\/156557\/revisions"}],"predecessor-version":[{"id":156559,"href":"https:\/\/mspontocom.com.br\/site\/wp-json\/wp\/v2\/posts\/156557\/revisions\/156559"}],"wp:featuredmedia":[{"embeddable":true,"href":"https:\/\/mspontocom.com.br\/site\/wp-json\/wp\/v2\/media\/156558"}],"wp:attachment":[{"href":"https:\/\/mspontocom.com.br\/site\/wp-json\/wp\/v2\/media?parent=156557"}],"wp:term":[{"taxonomy":"category","embeddable":true,"href":"https:\/\/mspontocom.com.br\/site\/wp-json\/wp\/v2\/categories?post=156557"},{"taxonomy":"post_tag","embeddable":true,"href":"https:\/\/mspontocom.com.br\/site\/wp-json\/wp\/v2\/tags?post=156557"}],"curies":[{"name":"wp","href":"https:\/\/api.w.org\/{rel}","templated":true}]}}