{"id":156561,"date":"2021-02-11T08:11:29","date_gmt":"2021-02-11T12:11:29","guid":{"rendered":"https:\/\/mspontocom.com.br\/site\/?p=156561"},"modified":"2021-02-11T08:11:29","modified_gmt":"2021-02-11T12:11:29","slug":"conselho-quer-que-autoridades-priorizem-presos-na-vacinacao-contra-a-covid-19","status":"publish","type":"post","link":"https:\/\/mspontocom.com.br\/site\/conselho-quer-que-autoridades-priorizem-presos-na-vacinacao-contra-a-covid-19\/","title":{"rendered":"Conselho quer que autoridades priorizem presos na vacina\u00e7\u00e3o contra a Covid-19"},"content":{"rendered":"<p style=\"text-align: justify;\"><img loading=\"lazy\" class=\"alignnone size-full wp-image-156580\" src=\"https:\/\/mspontocom.com.br\/site\/wp-content\/uploads\/2021\/02\/site-conselho-quer-que-autoridades-priorizem-presos-na-vacinacao-contra-a-covid-19-presidio-e1613045429107.jpg\" alt=\"\" width=\"537\" height=\"351\" srcset=\"https:\/\/mspontocom.com.br\/site\/wp-content\/uploads\/2021\/02\/site-conselho-quer-que-autoridades-priorizem-presos-na-vacinacao-contra-a-covid-19-presidio-e1613045429107.jpg 537w, https:\/\/mspontocom.com.br\/site\/wp-content\/uploads\/2021\/02\/site-conselho-quer-que-autoridades-priorizem-presos-na-vacinacao-contra-a-covid-19-presidio-e1613045429107-260x170.jpg 260w\" sizes=\"(max-width: 537px) 100vw, 537px\" \/><\/p>\n<p style=\"text-align: justify;\">O Conselho Nacional de Pol\u00edtica Criminal e Penitenci\u00e1ria recomendou, nesta ter\u00e7a-feira (10), que as autoridades em sa\u00fade priorizem servidores e <strong>pessoas privadas de liberdade<\/strong> no Plano Nacional de Operacionaliza\u00e7\u00e3o da Vacina contra a Covid-19.<\/p>\n<p style=\"text-align: justify;\">O Conselho usa dados do Departamento Penitenci\u00e1rio Nacional (Depen) para refor\u00e7ar que 42.517 presos foram contaminados pela Covid-19 entre mar\u00e7o de 2020 e janeiro de 2021.<\/p>\n<p style=\"text-align: justify;\">De acordo com a resolu\u00e7\u00e3o em que pede a prioridade para esse p\u00fablico, \u201cquanto maior a demora da vacina\u00e7\u00e3o no sistema prisional, maiores v\u00e3o ser os gastos em 2021 com a preven\u00e7\u00e3o e assist\u00eancia \u00e0 sa\u00fade da massa carcer\u00e1ria\u201d, inclusive com a ocupa\u00e7\u00e3o de vagas nos hospitais.<\/p>\n<p style=\"text-align: justify;\">\n<p style=\"text-align: justify;\">Fonte: <a href=\"https:\/\/brasil61.com\/noticias\/conselho-recomenda-que-autoridades-de-saude-priorizem-servidores-penitenciarios-e-presos-na-vacinacao-contra-a-covid-19-bras213782\" target=\"_blank\" rel=\"noopener\">Brasil 61<\/a><\/p>\n","protected":false},"excerpt":{"rendered":"<p>O Conselho Nacional de Pol\u00edtica Criminal e Penitenci\u00e1ria recomendou, nesta ter\u00e7a-feira (10), que as autoridades em sa\u00fade priorizem servidores e pessoas privadas de liberdade no Plano Nacional de Operacionaliza\u00e7\u00e3o da Vacina contra a Covid-19. O Conselho usa dados do Departamento Penitenci\u00e1rio Nacional (Depen) para refor\u00e7ar que 42.517 presos foram contaminados pela Covid-19 entre mar\u00e7o de [&hellip;]<\/p>\n","protected":false},"author":2,"featured_media":156580,"comment_status":"open","ping_status":"open","sticky":false,"template":"","format":"standard","meta":{"_monsterinsights_skip_tracking":false,"_monsterinsights_sitenote_active":false,"_monsterinsights_sitenote_note":"","_monsterinsights_sitenote_category":0},"categories":[6,30260,30259],"tags":[3738,9373,30926,452],"aioseo_notices":[],"_links":{"self":[{"href":"https:\/\/mspontocom.com.br\/site\/wp-json\/wp\/v2\/posts\/156561"}],"collection":[{"href":"https:\/\/mspontocom.com.br\/site\/wp-json\/wp\/v2\/posts"}],"about":[{"href":"https:\/\/mspontocom.com.br\/site\/wp-json\/wp\/v2\/types\/post"}],"author":[{"embeddable":true,"href":"https:\/\/mspontocom.com.br\/site\/wp-json\/wp\/v2\/users\/2"}],"replies":[{"embeddable":true,"href":"https:\/\/mspontocom.com.br\/site\/wp-json\/wp\/v2\/comments?post=156561"}],"version-history":[{"count":2,"href":"https:\/\/mspontocom.com.br\/site\/wp-json\/wp\/v2\/posts\/156561\/revisions"}],"predecessor-version":[{"id":156581,"href":"https:\/\/mspontocom.com.br\/site\/wp-json\/wp\/v2\/posts\/156561\/revisions\/156581"}],"wp:featuredmedia":[{"embeddable":true,"href":"https:\/\/mspontocom.com.br\/site\/wp-json\/wp\/v2\/media\/156580"}],"wp:attachment":[{"href":"https:\/\/mspontocom.com.br\/site\/wp-json\/wp\/v2\/media?parent=156561"}],"wp:term":[{"taxonomy":"category","embeddable":true,"href":"https:\/\/mspontocom.com.br\/site\/wp-json\/wp\/v2\/categories?post=156561"},{"taxonomy":"post_tag","embeddable":true,"href":"https:\/\/mspontocom.com.br\/site\/wp-json\/wp\/v2\/tags?post=156561"}],"curies":[{"name":"wp","href":"https:\/\/api.w.org\/{rel}","templated":true}]}}