{"id":156632,"date":"2021-02-13T06:03:05","date_gmt":"2021-02-13T10:03:05","guid":{"rendered":"https:\/\/mspontocom.com.br\/site\/?p=156632"},"modified":"2021-02-13T06:03:05","modified_gmt":"2021-02-13T10:03:05","slug":"lava-jato-gilmar-fala-como-se-estivesse-acima-da-lei-dizem-procuradores","status":"publish","type":"post","link":"https:\/\/mspontocom.com.br\/site\/lava-jato-gilmar-fala-como-se-estivesse-acima-da-lei-dizem-procuradores\/","title":{"rendered":"Lava Jato: Gilmar fala como se estivesse acima da lei, dizem procuradores"},"content":{"rendered":"<p style=\"text-align: justify;\"><img loading=\"lazy\" class=\"alignnone size-full wp-image-156633\" src=\"https:\/\/mspontocom.com.br\/site\/wp-content\/uploads\/2021\/02\/site-lava-jato-gilmar-fala-como-se-estivesse-acima-da-lei-dizem-procuradores-gilmar1-e1613210510775.jpg\" alt=\"\" width=\"462\" height=\"265\" srcset=\"https:\/\/mspontocom.com.br\/site\/wp-content\/uploads\/2021\/02\/site-lava-jato-gilmar-fala-como-se-estivesse-acima-da-lei-dizem-procuradores-gilmar1-e1613210510775.jpg 462w, https:\/\/mspontocom.com.br\/site\/wp-content\/uploads\/2021\/02\/site-lava-jato-gilmar-fala-como-se-estivesse-acima-da-lei-dizem-procuradores-gilmar1-e1613210510775-260x149.jpg 260w\" sizes=\"(max-width: 462px) 100vw, 462px\" \/><\/p>\n<p style=\"text-align: justify;\">A declara\u00e7\u00e3o do ministro do STF\u00a0 Gilmar Mendes comparando a for\u00e7a-tarefa de Curitiba da Lava Jato a um &#8220;esquadr\u00e3o da morte&#8221; repercutiu mal entre os procuradores da ANPR (Associa\u00e7\u00e3o Nacional dos Procuradores da Rep\u00fablica).<\/p>\n<p style=\"text-align: justify;\">A entidade divulgou uma nota oficial, em que afirma que Mendes se comporta &#8220;como se estivesse acima da legisla\u00e7\u00e3o&#8221;.<\/p>\n<p style=\"text-align: justify;\">O ministro do STF deu as declara\u00e7\u00f5es durante o UOL Entrevista , conduzido pelo colunista do UOL Tales Faria.<\/p>\n<p style=\"text-align: justify;\"><span style=\"color: #ff0000;\">&#8220;Como se estivesse acima da legisla\u00e7\u00e3o, Gilmar Mendes, mais uma vez, manifesta opini\u00e3o sobre processo pendente de julgamento, o que \u00e9 expressamente vedado pela Lei&#8221;<\/span>, diz a nota.<\/p>\n<p style=\"text-align: justify;\">Os procuradores tamb\u00e9m afirmam que se sentiram ofendidos pelas declara\u00e7\u00f5es de Mendes, que colocam em xeque, segundo a nota, tamb\u00e9m ministros do STF.<\/p>\n","protected":false},"excerpt":{"rendered":"<p>A declara\u00e7\u00e3o do ministro do STF\u00a0 Gilmar Mendes comparando a for\u00e7a-tarefa de Curitiba da Lava Jato a um &#8220;esquadr\u00e3o da morte&#8221; repercutiu mal entre os procuradores da ANPR (Associa\u00e7\u00e3o Nacional dos Procuradores da Rep\u00fablica). A entidade divulgou uma nota oficial, em que afirma que Mendes se comporta &#8220;como se estivesse acima da legisla\u00e7\u00e3o&#8221;. O ministro [&hellip;]<\/p>\n","protected":false},"author":2,"featured_media":156633,"comment_status":"open","ping_status":"open","sticky":false,"template":"","format":"standard","meta":{"_monsterinsights_skip_tracking":false,"_monsterinsights_sitenote_active":false,"_monsterinsights_sitenote_note":"","_monsterinsights_sitenote_category":0},"categories":[30260,2528,30259],"tags":[37122,5037,21419,27332],"aioseo_notices":[],"_links":{"self":[{"href":"https:\/\/mspontocom.com.br\/site\/wp-json\/wp\/v2\/posts\/156632"}],"collection":[{"href":"https:\/\/mspontocom.com.br\/site\/wp-json\/wp\/v2\/posts"}],"about":[{"href":"https:\/\/mspontocom.com.br\/site\/wp-json\/wp\/v2\/types\/post"}],"author":[{"embeddable":true,"href":"https:\/\/mspontocom.com.br\/site\/wp-json\/wp\/v2\/users\/2"}],"replies":[{"embeddable":true,"href":"https:\/\/mspontocom.com.br\/site\/wp-json\/wp\/v2\/comments?post=156632"}],"version-history":[{"count":1,"href":"https:\/\/mspontocom.com.br\/site\/wp-json\/wp\/v2\/posts\/156632\/revisions"}],"predecessor-version":[{"id":156634,"href":"https:\/\/mspontocom.com.br\/site\/wp-json\/wp\/v2\/posts\/156632\/revisions\/156634"}],"wp:featuredmedia":[{"embeddable":true,"href":"https:\/\/mspontocom.com.br\/site\/wp-json\/wp\/v2\/media\/156633"}],"wp:attachment":[{"href":"https:\/\/mspontocom.com.br\/site\/wp-json\/wp\/v2\/media?parent=156632"}],"wp:term":[{"taxonomy":"category","embeddable":true,"href":"https:\/\/mspontocom.com.br\/site\/wp-json\/wp\/v2\/categories?post=156632"},{"taxonomy":"post_tag","embeddable":true,"href":"https:\/\/mspontocom.com.br\/site\/wp-json\/wp\/v2\/tags?post=156632"}],"curies":[{"name":"wp","href":"https:\/\/api.w.org\/{rel}","templated":true}]}}