{"id":156664,"date":"2021-02-15T06:47:30","date_gmt":"2021-02-15T10:47:30","guid":{"rendered":"https:\/\/mspontocom.com.br\/site\/?p=156664"},"modified":"2021-02-15T06:47:30","modified_gmt":"2021-02-15T10:47:30","slug":"857-dos-brasileiros-nao-concordam-com-uso-da-pandemia-para-soltar-bandidos","status":"publish","type":"post","link":"https:\/\/mspontocom.com.br\/site\/857-dos-brasileiros-nao-concordam-com-uso-da-pandemia-para-soltar-bandidos\/","title":{"rendered":"85,7% dos brasileiros n\u00e3o concordam com uso da pandemia para soltar bandidos"},"content":{"rendered":"<p style=\"text-align: justify;\"><img loading=\"lazy\" class=\"alignnone size-full wp-image-156679\" src=\"https:\/\/mspontocom.com.br\/site\/wp-content\/uploads\/2021\/02\/site-857-dos-brasileiros-nao-concordam-com-uso-da-pandemia-para-soltar-bandidos-stf-ministros-e1613385977732.jpg\" alt=\"\" width=\"680\" height=\"297\" srcset=\"https:\/\/mspontocom.com.br\/site\/wp-content\/uploads\/2021\/02\/site-857-dos-brasileiros-nao-concordam-com-uso-da-pandemia-para-soltar-bandidos-stf-ministros-e1613385977732.jpg 680w, https:\/\/mspontocom.com.br\/site\/wp-content\/uploads\/2021\/02\/site-857-dos-brasileiros-nao-concordam-com-uso-da-pandemia-para-soltar-bandidos-stf-ministros-e1613385977732-260x114.jpg 260w\" sizes=\"(max-width: 680px) 100vw, 680px\" \/>Levantamento nacional realizado pelo instituto Paran\u00e1 Pesquisa para\u00a0 o site\u00a0<strong>Di\u00e1rio do Poder<\/strong>\u00a0mostra que 85,7% dos brasileiros s\u00e3o absolutamente contr\u00e1rios \u00e0 libera\u00e7\u00e3o de presos ou afrouxamento de deten\u00e7\u00e3o a pretexto da pandemia de coronav\u00edrus.<\/p>\n<p style=\"text-align: justify;\">Milhares foram soltos sob \u201ctemor\u201d de contamina\u00e7\u00e3o de covid, por recomenda\u00e7\u00e3o do Conselho Nacional de Justi\u00e7a (CNJ), \u00f3rg\u00e3o de controle do Poder Judici\u00e1rio.<\/p>\n<p style=\"text-align: justify;\">\u00a0As estimativas do total no Pa\u00eds chegam a 15 mil casos.<\/p>\n<p style=\"text-align: justify;\">As liberta\u00e7\u00e3o em massa de presos beneficiou at\u00e9 bandidos de alta periculosidade, incluindo chefes do crime organizado nas pris\u00f5es.<\/p>\n<p style=\"text-align: justify;\">Em S\u00e3o Paulo, chefe do PCC fugiu ap\u00f3s ser solto alegando \u201casma\u201d.<\/p>\n<p style=\"text-align: justify;\">O Paran\u00e1 Pesquisas entrevistou 2026 brasileiros em 194 munic\u00edpios dos 26 estados e no Distrito Federal, entre os dias 8 e 12 de fevereiro.<\/p>\n<p style=\"text-align: justify;\">A informa\u00e7\u00e3o \u00e9 da Coluna Cl\u00e1udio Humberto, do\u00a0<strong>Di\u00e1rio do Poder<\/strong>.<\/p>\n","protected":false},"excerpt":{"rendered":"<p>Levantamento nacional realizado pelo instituto Paran\u00e1 Pesquisa para\u00a0 o site\u00a0Di\u00e1rio do Poder\u00a0mostra que 85,7% dos brasileiros s\u00e3o absolutamente contr\u00e1rios \u00e0 libera\u00e7\u00e3o de presos ou afrouxamento de deten\u00e7\u00e3o a pretexto da pandemia de coronav\u00edrus. Milhares foram soltos sob \u201ctemor\u201d de contamina\u00e7\u00e3o de covid, por recomenda\u00e7\u00e3o do Conselho Nacional de Justi\u00e7a (CNJ), \u00f3rg\u00e3o de controle do Poder [&hellip;]<\/p>\n","protected":false},"author":2,"featured_media":156679,"comment_status":"open","ping_status":"open","sticky":false,"template":"","format":"standard","meta":{"_monsterinsights_skip_tracking":false,"_monsterinsights_sitenote_active":false,"_monsterinsights_sitenote_note":"","_monsterinsights_sitenote_category":0},"categories":[30260,2528,30259],"tags":[37139,37140],"aioseo_notices":[],"_links":{"self":[{"href":"https:\/\/mspontocom.com.br\/site\/wp-json\/wp\/v2\/posts\/156664"}],"collection":[{"href":"https:\/\/mspontocom.com.br\/site\/wp-json\/wp\/v2\/posts"}],"about":[{"href":"https:\/\/mspontocom.com.br\/site\/wp-json\/wp\/v2\/types\/post"}],"author":[{"embeddable":true,"href":"https:\/\/mspontocom.com.br\/site\/wp-json\/wp\/v2\/users\/2"}],"replies":[{"embeddable":true,"href":"https:\/\/mspontocom.com.br\/site\/wp-json\/wp\/v2\/comments?post=156664"}],"version-history":[{"count":2,"href":"https:\/\/mspontocom.com.br\/site\/wp-json\/wp\/v2\/posts\/156664\/revisions"}],"predecessor-version":[{"id":156680,"href":"https:\/\/mspontocom.com.br\/site\/wp-json\/wp\/v2\/posts\/156664\/revisions\/156680"}],"wp:featuredmedia":[{"embeddable":true,"href":"https:\/\/mspontocom.com.br\/site\/wp-json\/wp\/v2\/media\/156679"}],"wp:attachment":[{"href":"https:\/\/mspontocom.com.br\/site\/wp-json\/wp\/v2\/media?parent=156664"}],"wp:term":[{"taxonomy":"category","embeddable":true,"href":"https:\/\/mspontocom.com.br\/site\/wp-json\/wp\/v2\/categories?post=156664"},{"taxonomy":"post_tag","embeddable":true,"href":"https:\/\/mspontocom.com.br\/site\/wp-json\/wp\/v2\/tags?post=156664"}],"curies":[{"name":"wp","href":"https:\/\/api.w.org\/{rel}","templated":true}]}}