{"id":156739,"date":"2021-02-17T06:01:42","date_gmt":"2021-02-17T10:01:42","guid":{"rendered":"https:\/\/mspontocom.com.br\/site\/?p=156739"},"modified":"2021-02-17T06:01:42","modified_gmt":"2021-02-17T10:01:42","slug":"bolsonaro-age-como-ditador-ao-ameacar-fechar-jornais-diz-associacao-de-jornalistas","status":"publish","type":"post","link":"https:\/\/mspontocom.com.br\/site\/bolsonaro-age-como-ditador-ao-ameacar-fechar-jornais-diz-associacao-de-jornalistas\/","title":{"rendered":"Bolsonaro age como ditador ao amea\u00e7ar fechar jornais, diz associa\u00e7\u00e3o de jornalistas"},"content":{"rendered":"<p style=\"text-align: justify;\"><img loading=\"lazy\" class=\"alignnone size-full wp-image-156740\" src=\"https:\/\/mspontocom.com.br\/site\/wp-content\/uploads\/2021\/02\/site-bolsonaro-age-como-ditador-ao-ameacar-fechar-jornais-diz-associacao-de-jornalistas-jornais.jpg\" alt=\"\" width=\"460\" height=\"268\" srcset=\"https:\/\/mspontocom.com.br\/site\/wp-content\/uploads\/2021\/02\/site-bolsonaro-age-como-ditador-ao-ameacar-fechar-jornais-diz-associacao-de-jornalistas-jornais.jpg 460w, https:\/\/mspontocom.com.br\/site\/wp-content\/uploads\/2021\/02\/site-bolsonaro-age-como-ditador-ao-ameacar-fechar-jornais-diz-associacao-de-jornalistas-jornais-260x151.jpg 260w\" sizes=\"(max-width: 460px) 100vw, 460px\" \/><\/p>\n<p style=\"text-align: justify;\">A Associa\u00e7\u00e3o Brasileira de Jornalismo Investigativo (Abraji) divulgou nota de rep\u00fadio ao\u00a0 ataque do presidente Jair Bolsonaro \u00e0 imprensa.<\/p>\n<p style=\"text-align: justify;\">Para a Abraji, Bolsonaro age como ditador e autocrata ao defender o fechamento de tr\u00eas\u00a0jornais e um site cujas publica\u00e7\u00f5es lhe desagradam.<\/p>\n<p style=\"text-align: justify;\">&#8220;A Abraji repudia as declara\u00e7\u00f5es do presidente. Ele se diz democrata, mas seus atos e palavras apontam na dire\u00e7\u00e3o oposta. Autocratas e ditadores costumam usar estrat\u00e9gias discursivas para defender o fechamento de jornais, diz trecho da nota da entidade.<\/p>\n<p style=\"text-align: justify;\">Em<em>\u00a0live<\/em>\u00a0transmitida nessa segunda-feira (15) pelo deputado Eduardo Bolsonaro (PSL-SP), o presidente afirmou que &#8220;o certo&#8221; para acabar com as fake news seria tirar de circula\u00e7\u00e3o alguns dos principais ve\u00edculos do pa\u00eds.<\/p>\n<p style=\"text-align: justify;\"><span style=\"color: #ff0000;\">\u201cNa minha p\u00e1gina ou na p\u00e1gina de qualquer um, com todo respeito, \u00e9 a p\u00e1gina do presidente da Rep\u00fablica. Eu sou qualquer um, do povo: proibir anexar imagens a t\u00edtulo de proteger fake news? O certo \u00e9 tirar de circula\u00e7\u00e3o \u2014\u00a0 tirar de circula\u00e7\u00e3o\u00a0<em>Globo<\/em>,\u00a0<em>Folha de S.Paulo<\/em>,\u00a0<em>Estad\u00e3o<\/em>, [site o] Antagonista, [que] s\u00e3o f\u00e1bricas de fake news&#8221;,<\/span> declarou.<\/p>\n","protected":false},"excerpt":{"rendered":"<p>A Associa\u00e7\u00e3o Brasileira de Jornalismo Investigativo (Abraji) divulgou nota de rep\u00fadio ao\u00a0 ataque do presidente Jair Bolsonaro \u00e0 imprensa. Para a Abraji, Bolsonaro age como ditador e autocrata ao defender o fechamento de tr\u00eas\u00a0jornais e um site cujas publica\u00e7\u00f5es lhe desagradam. &#8220;A Abraji repudia as declara\u00e7\u00f5es do presidente. Ele se diz democrata, mas seus atos [&hellip;]<\/p>\n","protected":false},"author":2,"featured_media":156740,"comment_status":"open","ping_status":"open","sticky":false,"template":"","format":"standard","meta":{"_monsterinsights_skip_tracking":false,"_monsterinsights_sitenote_active":false,"_monsterinsights_sitenote_note":"","_monsterinsights_sitenote_category":0},"categories":[6,30259],"tags":[37171,37172,21017,37170,37173],"aioseo_notices":[],"_links":{"self":[{"href":"https:\/\/mspontocom.com.br\/site\/wp-json\/wp\/v2\/posts\/156739"}],"collection":[{"href":"https:\/\/mspontocom.com.br\/site\/wp-json\/wp\/v2\/posts"}],"about":[{"href":"https:\/\/mspontocom.com.br\/site\/wp-json\/wp\/v2\/types\/post"}],"author":[{"embeddable":true,"href":"https:\/\/mspontocom.com.br\/site\/wp-json\/wp\/v2\/users\/2"}],"replies":[{"embeddable":true,"href":"https:\/\/mspontocom.com.br\/site\/wp-json\/wp\/v2\/comments?post=156739"}],"version-history":[{"count":1,"href":"https:\/\/mspontocom.com.br\/site\/wp-json\/wp\/v2\/posts\/156739\/revisions"}],"predecessor-version":[{"id":156741,"href":"https:\/\/mspontocom.com.br\/site\/wp-json\/wp\/v2\/posts\/156739\/revisions\/156741"}],"wp:featuredmedia":[{"embeddable":true,"href":"https:\/\/mspontocom.com.br\/site\/wp-json\/wp\/v2\/media\/156740"}],"wp:attachment":[{"href":"https:\/\/mspontocom.com.br\/site\/wp-json\/wp\/v2\/media?parent=156739"}],"wp:term":[{"taxonomy":"category","embeddable":true,"href":"https:\/\/mspontocom.com.br\/site\/wp-json\/wp\/v2\/categories?post=156739"},{"taxonomy":"post_tag","embeddable":true,"href":"https:\/\/mspontocom.com.br\/site\/wp-json\/wp\/v2\/tags?post=156739"}],"curies":[{"name":"wp","href":"https:\/\/api.w.org\/{rel}","templated":true}]}}