{"id":156775,"date":"2021-02-18T05:04:16","date_gmt":"2021-02-18T09:04:16","guid":{"rendered":"https:\/\/mspontocom.com.br\/site\/?p=156775"},"modified":"2021-02-18T05:04:16","modified_gmt":"2021-02-18T09:04:16","slug":"biden-espera-bolsonaro-em-washington-para-encontro-pessoal-em-abril","status":"publish","type":"post","link":"https:\/\/mspontocom.com.br\/site\/biden-espera-bolsonaro-em-washington-para-encontro-pessoal-em-abril\/","title":{"rendered":"Biden espera Bolsonaro em Washington para encontro pessoal em abril"},"content":{"rendered":"<p style=\"text-align: justify;\"><img loading=\"lazy\" class=\"alignnone size-full wp-image-156776\" src=\"https:\/\/mspontocom.com.br\/site\/wp-content\/uploads\/2021\/02\/site-biden-espera-bolsonaro-em-washington-para-encontro-pessoal-em-abril-biden-bolsonaro-e1613638992461.jpg\" alt=\"\" width=\"575\" height=\"328\" srcset=\"https:\/\/mspontocom.com.br\/site\/wp-content\/uploads\/2021\/02\/site-biden-espera-bolsonaro-em-washington-para-encontro-pessoal-em-abril-biden-bolsonaro-e1613638992461.jpg 575w, https:\/\/mspontocom.com.br\/site\/wp-content\/uploads\/2021\/02\/site-biden-espera-bolsonaro-em-washington-para-encontro-pessoal-em-abril-biden-bolsonaro-e1613638992461-260x148.jpg 260w\" sizes=\"(max-width: 575px) 100vw, 575px\" \/><\/p>\n<p style=\"text-align: justify;\">Na reuni\u00e3o virtual com os ministros Ricardo Salles (Meio Ambiente) e Ernesto Ara\u00fajo (Rela\u00e7\u00f5es Exteriores), o assessor da Casa Branca para Meio Ambiente, John Kerry, afirmou que o presidente norte-americano<strong> Joe Biden<\/strong> aguarda a presen\u00e7a do presidente<strong> Jair Bolsonaro<\/strong> em Washington, em 22 de abril, para o evento Earth Summit (Confer\u00eancia da Terra).<\/p>\n<p style=\"text-align: justify;\">A reuni\u00e3o, nesta quarta (17) foi considerada tamb\u00e9m \u201cmuito produtiva\u201d e durou cerca de 40 minutos.<\/p>\n<p style=\"text-align: justify;\">O bate-papo entre Salles, Ara\u00fajo e John Kerry se deu na l\u00edngua do ex-secret\u00e1rio de Estado, sem a participa\u00e7\u00e3o de tradutores.<\/p>\n<p style=\"text-align: justify;\">A reuni\u00e3o teve momentos de descontra\u00e7\u00e3o, como quando John Kerry contou haver conhecido sua mulher, a mo\u00e7ambicana Tereza, na Rio-92.<\/p>\n<p style=\"text-align: justify;\">A informa\u00e7\u00e3o \u00e9 da Coluna Cl\u00e1udio Humberto, do\u00a0<strong>Di\u00e1rio do Poder<\/strong>.<\/p>\n","protected":false},"excerpt":{"rendered":"<p>Na reuni\u00e3o virtual com os ministros Ricardo Salles (Meio Ambiente) e Ernesto Ara\u00fajo (Rela\u00e7\u00f5es Exteriores), o assessor da Casa Branca para Meio Ambiente, John Kerry, afirmou que o presidente norte-americano Joe Biden aguarda a presen\u00e7a do presidente Jair Bolsonaro em Washington, em 22 de abril, para o evento Earth Summit (Confer\u00eancia da Terra). A reuni\u00e3o, [&hellip;]<\/p>\n","protected":false},"author":2,"featured_media":156776,"comment_status":"open","ping_status":"open","sticky":false,"template":"","format":"standard","meta":{"_monsterinsights_skip_tracking":false,"_monsterinsights_sitenote_active":false,"_monsterinsights_sitenote_note":"","_monsterinsights_sitenote_category":0},"categories":[30260,7,30259],"tags":[35986,21017,4536,37185],"aioseo_notices":[],"_links":{"self":[{"href":"https:\/\/mspontocom.com.br\/site\/wp-json\/wp\/v2\/posts\/156775"}],"collection":[{"href":"https:\/\/mspontocom.com.br\/site\/wp-json\/wp\/v2\/posts"}],"about":[{"href":"https:\/\/mspontocom.com.br\/site\/wp-json\/wp\/v2\/types\/post"}],"author":[{"embeddable":true,"href":"https:\/\/mspontocom.com.br\/site\/wp-json\/wp\/v2\/users\/2"}],"replies":[{"embeddable":true,"href":"https:\/\/mspontocom.com.br\/site\/wp-json\/wp\/v2\/comments?post=156775"}],"version-history":[{"count":1,"href":"https:\/\/mspontocom.com.br\/site\/wp-json\/wp\/v2\/posts\/156775\/revisions"}],"predecessor-version":[{"id":156777,"href":"https:\/\/mspontocom.com.br\/site\/wp-json\/wp\/v2\/posts\/156775\/revisions\/156777"}],"wp:featuredmedia":[{"embeddable":true,"href":"https:\/\/mspontocom.com.br\/site\/wp-json\/wp\/v2\/media\/156776"}],"wp:attachment":[{"href":"https:\/\/mspontocom.com.br\/site\/wp-json\/wp\/v2\/media?parent=156775"}],"wp:term":[{"taxonomy":"category","embeddable":true,"href":"https:\/\/mspontocom.com.br\/site\/wp-json\/wp\/v2\/categories?post=156775"},{"taxonomy":"post_tag","embeddable":true,"href":"https:\/\/mspontocom.com.br\/site\/wp-json\/wp\/v2\/tags?post=156775"}],"curies":[{"name":"wp","href":"https:\/\/api.w.org\/{rel}","templated":true}]}}