{"id":156778,"date":"2021-02-18T05:11:17","date_gmt":"2021-02-18T09:11:17","guid":{"rendered":"https:\/\/mspontocom.com.br\/site\/?p=156778"},"modified":"2021-02-18T05:11:17","modified_gmt":"2021-02-18T09:11:17","slug":"stf-usa-lei-do-regime-militar-para-prender-daniel-silveira-e-causa-estranheza","status":"publish","type":"post","link":"https:\/\/mspontocom.com.br\/site\/stf-usa-lei-do-regime-militar-para-prender-daniel-silveira-e-causa-estranheza\/","title":{"rendered":"STF usa lei do Regime Militar para prender Daniel Silveira e causa estranheza"},"content":{"rendered":"<p style=\"text-align: justify;\"><img loading=\"lazy\" class=\"alignnone size-full wp-image-156779\" src=\"https:\/\/mspontocom.com.br\/site\/wp-content\/uploads\/2021\/02\/site-stf-usa-lei-do-regime-mil-stf-ministros-e1613639414456.jpg\" alt=\"\" width=\"689\" height=\"292\" srcset=\"https:\/\/mspontocom.com.br\/site\/wp-content\/uploads\/2021\/02\/site-stf-usa-lei-do-regime-mil-stf-ministros-e1613639414456.jpg 689w, https:\/\/mspontocom.com.br\/site\/wp-content\/uploads\/2021\/02\/site-stf-usa-lei-do-regime-mil-stf-ministros-e1613639414456-260x110.jpg 260w\" sizes=\"(max-width: 689px) 100vw, 689px\" \/><\/p>\n<p style=\"text-align: justify;\">O Ministro do STF , Alexandre de Moraes utilizou uma lei criada pela ditadura militar brasileira ao determinar a pris\u00e3o do deputado Daniel Silveira (PSL-RJ), defensor do regime autorit\u00e1rio.<\/p>\n<p style=\"text-align: justify;\">O parlamentar \u00e9 investigado por atacar ministros do Supremo.<\/p>\n<p style=\"text-align: justify;\">Moraes determinou a pris\u00e3o com base na LSN (Lei de Seguran\u00e7a Nacional).<\/p>\n<p style=\"text-align: justify;\">Criada no governo do militar Jo\u00e3o Figueiredo, a lei n\u00ba 7.170\/83 determina os crimes que &#8220;lesam ou exp\u00f5em a perigo de les\u00e3o&#8221; a soberania nacional, o Estado de Direito ou chefes dos poderes executivo, legislativo ou judici\u00e1rio \u2014 neste \u00faltimo se enquadram os ministros do STF.<\/p>\n<p style=\"text-align: justify;\">Ao determinar a pris\u00e3o do deputado Daniel Silveira, Alexandre de Moraes errou a data em que a lei foi criada.<\/p>\n<p style=\"text-align: justify;\">Em vez de 1983, sob o governo Figueiredo, o ministro citou a cria\u00e7\u00e3o do texto como se tivesse acontecido em 1973, quando o general Em\u00edlio Garrastazu M\u00e9dici era presidente.<\/p>\n","protected":false},"excerpt":{"rendered":"<p>O Ministro do STF , Alexandre de Moraes utilizou uma lei criada pela ditadura militar brasileira ao determinar a pris\u00e3o do deputado Daniel Silveira (PSL-RJ), defensor do regime autorit\u00e1rio. O parlamentar \u00e9 investigado por atacar ministros do Supremo. Moraes determinou a pris\u00e3o com base na LSN (Lei de Seguran\u00e7a Nacional). Criada no governo do militar [&hellip;]<\/p>\n","protected":false},"author":2,"featured_media":156779,"comment_status":"open","ping_status":"open","sticky":false,"template":"","format":"standard","meta":{"_monsterinsights_skip_tracking":false,"_monsterinsights_sitenote_active":false,"_monsterinsights_sitenote_note":"","_monsterinsights_sitenote_category":0},"categories":[30260,2528,30259],"tags":[37168,180,1790,8366,3014],"aioseo_notices":[],"_links":{"self":[{"href":"https:\/\/mspontocom.com.br\/site\/wp-json\/wp\/v2\/posts\/156778"}],"collection":[{"href":"https:\/\/mspontocom.com.br\/site\/wp-json\/wp\/v2\/posts"}],"about":[{"href":"https:\/\/mspontocom.com.br\/site\/wp-json\/wp\/v2\/types\/post"}],"author":[{"embeddable":true,"href":"https:\/\/mspontocom.com.br\/site\/wp-json\/wp\/v2\/users\/2"}],"replies":[{"embeddable":true,"href":"https:\/\/mspontocom.com.br\/site\/wp-json\/wp\/v2\/comments?post=156778"}],"version-history":[{"count":1,"href":"https:\/\/mspontocom.com.br\/site\/wp-json\/wp\/v2\/posts\/156778\/revisions"}],"predecessor-version":[{"id":156780,"href":"https:\/\/mspontocom.com.br\/site\/wp-json\/wp\/v2\/posts\/156778\/revisions\/156780"}],"wp:featuredmedia":[{"embeddable":true,"href":"https:\/\/mspontocom.com.br\/site\/wp-json\/wp\/v2\/media\/156779"}],"wp:attachment":[{"href":"https:\/\/mspontocom.com.br\/site\/wp-json\/wp\/v2\/media?parent=156778"}],"wp:term":[{"taxonomy":"category","embeddable":true,"href":"https:\/\/mspontocom.com.br\/site\/wp-json\/wp\/v2\/categories?post=156778"},{"taxonomy":"post_tag","embeddable":true,"href":"https:\/\/mspontocom.com.br\/site\/wp-json\/wp\/v2\/tags?post=156778"}],"curies":[{"name":"wp","href":"https:\/\/api.w.org\/{rel}","templated":true}]}}