{"id":156814,"date":"2021-02-19T06:05:59","date_gmt":"2021-02-19T10:05:59","guid":{"rendered":"https:\/\/mspontocom.com.br\/site\/?p=156814"},"modified":"2021-02-19T06:05:59","modified_gmt":"2021-02-19T10:05:59","slug":"pesquisa-aponta-que-brasil-esta-dividido-sobre-prisao-de-daniel-silveira","status":"publish","type":"post","link":"https:\/\/mspontocom.com.br\/site\/pesquisa-aponta-que-brasil-esta-dividido-sobre-prisao-de-daniel-silveira\/","title":{"rendered":"Pesquisa aponta que Brasil est\u00e1 dividido sobre pris\u00e3o de Daniel Silveira"},"content":{"rendered":"<p style=\"text-align: justify;\"><img loading=\"lazy\" class=\"alignnone size-full wp-image-156815\" src=\"https:\/\/mspontocom.com.br\/site\/wp-content\/uploads\/2021\/02\/site-pesquisa-aponta-que-brasil-esta-dividido-sobre-prisao-de-daniel-silveira-daniel-e1613729107574.jpg\" alt=\"\" width=\"556\" height=\"334\" srcset=\"https:\/\/mspontocom.com.br\/site\/wp-content\/uploads\/2021\/02\/site-pesquisa-aponta-que-brasil-esta-dividido-sobre-prisao-de-daniel-silveira-daniel-e1613729107574.jpg 556w, https:\/\/mspontocom.com.br\/site\/wp-content\/uploads\/2021\/02\/site-pesquisa-aponta-que-brasil-esta-dividido-sobre-prisao-de-daniel-silveira-daniel-e1613729107574-260x156.jpg 260w\" sizes=\"(max-width: 556px) 100vw, 556px\" \/><\/p>\n<p style=\"text-align: justify;\">Levantamento nacional do instituto Paran\u00e1 Pesquisa para o\u00a0<strong>Di\u00e1rio do Poder<\/strong>\u00a0mostra que os brasileiros est\u00e3o divididos, em rela\u00e7\u00e3o \u00e0 pris\u00e3o do deputado Daniel Silveira (PSL-RJ), acusado de ofender gravemente ministros do Supremo Tribunal Federal (STF).<\/p>\n<p style=\"text-align: justify;\">Do total de entrevistados, 49,9% aprovam o decreto de pris\u00e3o do ministro Alexandre de Moraes, enquanto 42,1% consideram que o magistrado \u201cagiu errado\u201d.<\/p>\n<p style=\"text-align: justify;\">A pesquisa mostra tamb\u00e9m que, nessa pol\u00eamica, 8% dos entrevistados est\u00e3o em cima do muro, dizendo n\u00e3o saber ou n\u00e3o ter opini\u00e3o a respeito.<\/p>\n<p style=\"text-align: justify;\">O Paran\u00e1 Pesquisas saiu \u00e0s ruas nos dias 17 e 18 para entrevistar 2018 pessoas em 188 munic\u00edpios dos 26 estados e do Distrito Federal.<\/p>\n","protected":false},"excerpt":{"rendered":"<p>Levantamento nacional do instituto Paran\u00e1 Pesquisa para o\u00a0Di\u00e1rio do Poder\u00a0mostra que os brasileiros est\u00e3o divididos, em rela\u00e7\u00e3o \u00e0 pris\u00e3o do deputado Daniel Silveira (PSL-RJ), acusado de ofender gravemente ministros do Supremo Tribunal Federal (STF). Do total de entrevistados, 49,9% aprovam o decreto de pris\u00e3o do ministro Alexandre de Moraes, enquanto 42,1% consideram que o magistrado [&hellip;]<\/p>\n","protected":false},"author":2,"featured_media":156815,"comment_status":"open","ping_status":"open","sticky":false,"template":"","format":"standard","meta":{"_monsterinsights_skip_tracking":false,"_monsterinsights_sitenote_active":false,"_monsterinsights_sitenote_note":"","_monsterinsights_sitenote_category":0},"categories":[6,30260,30259],"tags":[30254,37168,733,1790],"aioseo_notices":[],"_links":{"self":[{"href":"https:\/\/mspontocom.com.br\/site\/wp-json\/wp\/v2\/posts\/156814"}],"collection":[{"href":"https:\/\/mspontocom.com.br\/site\/wp-json\/wp\/v2\/posts"}],"about":[{"href":"https:\/\/mspontocom.com.br\/site\/wp-json\/wp\/v2\/types\/post"}],"author":[{"embeddable":true,"href":"https:\/\/mspontocom.com.br\/site\/wp-json\/wp\/v2\/users\/2"}],"replies":[{"embeddable":true,"href":"https:\/\/mspontocom.com.br\/site\/wp-json\/wp\/v2\/comments?post=156814"}],"version-history":[{"count":1,"href":"https:\/\/mspontocom.com.br\/site\/wp-json\/wp\/v2\/posts\/156814\/revisions"}],"predecessor-version":[{"id":156816,"href":"https:\/\/mspontocom.com.br\/site\/wp-json\/wp\/v2\/posts\/156814\/revisions\/156816"}],"wp:featuredmedia":[{"embeddable":true,"href":"https:\/\/mspontocom.com.br\/site\/wp-json\/wp\/v2\/media\/156815"}],"wp:attachment":[{"href":"https:\/\/mspontocom.com.br\/site\/wp-json\/wp\/v2\/media?parent=156814"}],"wp:term":[{"taxonomy":"category","embeddable":true,"href":"https:\/\/mspontocom.com.br\/site\/wp-json\/wp\/v2\/categories?post=156814"},{"taxonomy":"post_tag","embeddable":true,"href":"https:\/\/mspontocom.com.br\/site\/wp-json\/wp\/v2\/tags?post=156814"}],"curies":[{"name":"wp","href":"https:\/\/api.w.org\/{rel}","templated":true}]}}