{"id":156817,"date":"2021-02-19T06:14:07","date_gmt":"2021-02-19T10:14:07","guid":{"rendered":"https:\/\/mspontocom.com.br\/site\/?p=156817"},"modified":"2021-02-19T06:14:07","modified_gmt":"2021-02-19T10:14:07","slug":"prisao-de-deputado-foi-tambem-recado-para-militares-dizem-ministros-do-stf","status":"publish","type":"post","link":"https:\/\/mspontocom.com.br\/site\/prisao-de-deputado-foi-tambem-recado-para-militares-dizem-ministros-do-stf\/","title":{"rendered":"Pris\u00e3o de deputado foi tamb\u00e9m recado para militares, dizem ministros do STF"},"content":{"rendered":"<p style=\"text-align: justify;\"><img loading=\"lazy\" class=\"alignnone size-full wp-image-156818\" src=\"https:\/\/mspontocom.com.br\/site\/wp-content\/uploads\/2021\/02\/site-prisao-de-deputado-foi-tambem-recado-para-militares-dizem-ministros-do-stf-ministros-stf-tratados-internacionais-copy-e1613729592676.jpg\" alt=\"\" width=\"1173\" height=\"585\" srcset=\"https:\/\/mspontocom.com.br\/site\/wp-content\/uploads\/2021\/02\/site-prisao-de-deputado-foi-tambem-recado-para-militares-dizem-ministros-do-stf-ministros-stf-tratados-internacionais-copy-e1613729592676.jpg 1173w, https:\/\/mspontocom.com.br\/site\/wp-content\/uploads\/2021\/02\/site-prisao-de-deputado-foi-tambem-recado-para-militares-dizem-ministros-do-stf-ministros-stf-tratados-internacionais-copy-e1613729592676-260x130.jpg 260w, https:\/\/mspontocom.com.br\/site\/wp-content\/uploads\/2021\/02\/site-prisao-de-deputado-foi-tambem-recado-para-militares-dizem-ministros-do-stf-ministros-stf-tratados-internacionais-copy-e1613729592676-768x383.jpg 768w, https:\/\/mspontocom.com.br\/site\/wp-content\/uploads\/2021\/02\/site-prisao-de-deputado-foi-tambem-recado-para-militares-dizem-ministros-do-stf-ministros-stf-tratados-internacionais-copy-e1613729592676-1024x511.jpg 1024w\" sizes=\"(max-width: 1173px) 100vw, 1173px\" \/>A pris\u00e3o do deputado federal Daniel Silveira (PSL-RJ) foi, segundo ministros do STF (Supremo Tribunal Federal),<strong> um recado tamb\u00e9m aos militares<\/strong> que defendem a press\u00e3o feita pelo general Eduardo Villas B\u00f4as sobre a Corte no julgamento da pris\u00e3o de Lula, em 2018.<\/p>\n<p style=\"text-align: justify;\">Villas B\u00f4as deu detalhes da publica\u00e7\u00e3o de um c\u00e9lebre tu\u00edte que ele publicou na v\u00e9spera do julgamento, dizendo que o Ex\u00e9rcito compartilhava um \u201canseio de rep\u00fadio \u00e0 impunidade\u201d.<\/p>\n<p style=\"text-align: justify;\">A mensagem teria sido escrita com a ajuda de outros integrantes da c\u00fapula das For\u00e7as Armadas.<\/p>\n<p style=\"text-align: justify;\">Para os magistrados, tanto a atitude do general quanto a do deputado fazem parte de um mesmo movimento antidemocr\u00e1tico e de amea\u00e7a \u00e0s institui\u00e7\u00f5es.<\/p>\n<p>&nbsp;<\/p>\n<p>fonte: Pol\u00edtica Livre, M\u00f4nica B\u00e9rgamo, Folha S.Paulo<\/p>\n","protected":false},"excerpt":{"rendered":"<p>A pris\u00e3o do deputado federal Daniel Silveira (PSL-RJ) foi, segundo ministros do STF (Supremo Tribunal Federal), um recado tamb\u00e9m aos militares que defendem a press\u00e3o feita pelo general Eduardo Villas B\u00f4as sobre a Corte no julgamento da pris\u00e3o de Lula, em 2018. Villas B\u00f4as deu detalhes da publica\u00e7\u00e3o de um c\u00e9lebre tu\u00edte que ele publicou [&hellip;]<\/p>\n","protected":false},"author":2,"featured_media":156818,"comment_status":"open","ping_status":"open","sticky":false,"template":"","format":"standard","meta":{"_monsterinsights_skip_tracking":false,"_monsterinsights_sitenote_active":false,"_monsterinsights_sitenote_note":"","_monsterinsights_sitenote_category":0},"categories":[30260,2528,30259],"tags":[1430,25419,587,1790,32030,3014],"aioseo_notices":[],"_links":{"self":[{"href":"https:\/\/mspontocom.com.br\/site\/wp-json\/wp\/v2\/posts\/156817"}],"collection":[{"href":"https:\/\/mspontocom.com.br\/site\/wp-json\/wp\/v2\/posts"}],"about":[{"href":"https:\/\/mspontocom.com.br\/site\/wp-json\/wp\/v2\/types\/post"}],"author":[{"embeddable":true,"href":"https:\/\/mspontocom.com.br\/site\/wp-json\/wp\/v2\/users\/2"}],"replies":[{"embeddable":true,"href":"https:\/\/mspontocom.com.br\/site\/wp-json\/wp\/v2\/comments?post=156817"}],"version-history":[{"count":1,"href":"https:\/\/mspontocom.com.br\/site\/wp-json\/wp\/v2\/posts\/156817\/revisions"}],"predecessor-version":[{"id":156819,"href":"https:\/\/mspontocom.com.br\/site\/wp-json\/wp\/v2\/posts\/156817\/revisions\/156819"}],"wp:featuredmedia":[{"embeddable":true,"href":"https:\/\/mspontocom.com.br\/site\/wp-json\/wp\/v2\/media\/156818"}],"wp:attachment":[{"href":"https:\/\/mspontocom.com.br\/site\/wp-json\/wp\/v2\/media?parent=156817"}],"wp:term":[{"taxonomy":"category","embeddable":true,"href":"https:\/\/mspontocom.com.br\/site\/wp-json\/wp\/v2\/categories?post=156817"},{"taxonomy":"post_tag","embeddable":true,"href":"https:\/\/mspontocom.com.br\/site\/wp-json\/wp\/v2\/tags?post=156817"}],"curies":[{"name":"wp","href":"https:\/\/api.w.org\/{rel}","templated":true}]}}