{"id":156820,"date":"2021-02-19T07:03:41","date_gmt":"2021-02-19T11:03:41","guid":{"rendered":"https:\/\/mspontocom.com.br\/site\/?p=156820"},"modified":"2021-02-19T07:03:41","modified_gmt":"2021-02-19T11:03:41","slug":"novo-chama-prisao-de-daniel-silveira-de-ai-5-do-judiciario","status":"publish","type":"post","link":"https:\/\/mspontocom.com.br\/site\/novo-chama-prisao-de-daniel-silveira-de-ai-5-do-judiciario\/","title":{"rendered":"Novo chama pris\u00e3o de Daniel Silveira de \u201cAI-5 do Judici\u00e1rio\u201d"},"content":{"rendered":"<p style=\"text-align: justify;\"><img loading=\"lazy\" class=\"alignnone size-full wp-image-156821\" src=\"https:\/\/mspontocom.com.br\/site\/wp-content\/uploads\/2021\/02\/site-novo-chama-prisao-de-daniel-silveira-de-ai-5-do-judiciario-novo.jpg\" alt=\"\" width=\"640\" height=\"480\" srcset=\"https:\/\/mspontocom.com.br\/site\/wp-content\/uploads\/2021\/02\/site-novo-chama-prisao-de-daniel-silveira-de-ai-5-do-judiciario-novo.jpg 640w, https:\/\/mspontocom.com.br\/site\/wp-content\/uploads\/2021\/02\/site-novo-chama-prisao-de-daniel-silveira-de-ai-5-do-judiciario-novo-260x195.jpg 260w\" sizes=\"(max-width: 640px) 100vw, 640px\" \/><\/p>\n<p style=\"text-align: justify;\">O deputado Marcel Van Hattem\u00a0(Novo-RS), vice-l\u00edder do seu partido na C\u00e2mara, classificou a pris\u00e3o do deputado Daniel Silveira\u00a0como um <strong>&#8220;AI-5 vindo do poder Judici\u00e1rio, sem nenhum respaldo da Constitui\u00e7\u00e3o&#8221;.<\/strong><\/p>\n<p style=\"text-align: justify;\">&#8220;Enquanto uns falam contra a democracia, outros agem contra a democracia&#8221;, disse ap\u00f3s\u00a0reuni\u00e3o de l\u00edderes na resid\u00eancia oficial do presidente da C\u00e2mara, Arthur Lira\u00a0(PP-AL).<\/p>\n<p style=\"text-align: justify;\">Van Hattem afirmou que o Novo n\u00e3o concorda com as falas do deputado Daniel Silveira, mas que n\u00e3o cabe ao Supremo decidir.<\/p>\n","protected":false},"excerpt":{"rendered":"<p>O deputado Marcel Van Hattem\u00a0(Novo-RS), vice-l\u00edder do seu partido na C\u00e2mara, classificou a pris\u00e3o do deputado Daniel Silveira\u00a0como um &#8220;AI-5 vindo do poder Judici\u00e1rio, sem nenhum respaldo da Constitui\u00e7\u00e3o&#8221;. &#8220;Enquanto uns falam contra a democracia, outros agem contra a democracia&#8221;, disse ap\u00f3s\u00a0reuni\u00e3o de l\u00edderes na resid\u00eancia oficial do presidente da C\u00e2mara, Arthur Lira\u00a0(PP-AL). Van Hattem [&hellip;]<\/p>\n","protected":false},"author":2,"featured_media":156821,"comment_status":"open","ping_status":"open","sticky":false,"template":"","format":"standard","meta":{"_monsterinsights_skip_tracking":false,"_monsterinsights_sitenote_active":false,"_monsterinsights_sitenote_note":"","_monsterinsights_sitenote_category":0},"categories":[2528,30259],"tags":[34725,1430,36576,37200,24617,37201],"aioseo_notices":[],"_links":{"self":[{"href":"https:\/\/mspontocom.com.br\/site\/wp-json\/wp\/v2\/posts\/156820"}],"collection":[{"href":"https:\/\/mspontocom.com.br\/site\/wp-json\/wp\/v2\/posts"}],"about":[{"href":"https:\/\/mspontocom.com.br\/site\/wp-json\/wp\/v2\/types\/post"}],"author":[{"embeddable":true,"href":"https:\/\/mspontocom.com.br\/site\/wp-json\/wp\/v2\/users\/2"}],"replies":[{"embeddable":true,"href":"https:\/\/mspontocom.com.br\/site\/wp-json\/wp\/v2\/comments?post=156820"}],"version-history":[{"count":1,"href":"https:\/\/mspontocom.com.br\/site\/wp-json\/wp\/v2\/posts\/156820\/revisions"}],"predecessor-version":[{"id":156822,"href":"https:\/\/mspontocom.com.br\/site\/wp-json\/wp\/v2\/posts\/156820\/revisions\/156822"}],"wp:featuredmedia":[{"embeddable":true,"href":"https:\/\/mspontocom.com.br\/site\/wp-json\/wp\/v2\/media\/156821"}],"wp:attachment":[{"href":"https:\/\/mspontocom.com.br\/site\/wp-json\/wp\/v2\/media?parent=156820"}],"wp:term":[{"taxonomy":"category","embeddable":true,"href":"https:\/\/mspontocom.com.br\/site\/wp-json\/wp\/v2\/categories?post=156820"},{"taxonomy":"post_tag","embeddable":true,"href":"https:\/\/mspontocom.com.br\/site\/wp-json\/wp\/v2\/tags?post=156820"}],"curies":[{"name":"wp","href":"https:\/\/api.w.org\/{rel}","templated":true}]}}