{"id":156852,"date":"2021-02-20T06:46:17","date_gmt":"2021-02-20T10:46:17","guid":{"rendered":"https:\/\/mspontocom.com.br\/site\/?p=156852"},"modified":"2021-02-20T06:46:17","modified_gmt":"2021-02-20T10:46:17","slug":"vice-presidente-da-camara-aponta-corporativismo-do-stf","status":"publish","type":"post","link":"https:\/\/mspontocom.com.br\/site\/vice-presidente-da-camara-aponta-corporativismo-do-stf\/","title":{"rendered":"Vice-presidente da C\u00e2mara aponta corporativismo do STF"},"content":{"rendered":"<p style=\"text-align: justify;\"><img loading=\"lazy\" class=\"alignnone size-full wp-image-156853\" src=\"https:\/\/mspontocom.com.br\/site\/wp-content\/uploads\/2021\/02\/site-vice-presidente-da-camara-aponta-corporativismo-do-stf-stf-ministros-e1613817909841.jpg\" alt=\"\" width=\"671\" height=\"292\" srcset=\"https:\/\/mspontocom.com.br\/site\/wp-content\/uploads\/2021\/02\/site-vice-presidente-da-camara-aponta-corporativismo-do-stf-stf-ministros-e1613817909841.jpg 671w, https:\/\/mspontocom.com.br\/site\/wp-content\/uploads\/2021\/02\/site-vice-presidente-da-camara-aponta-corporativismo-do-stf-stf-ministros-e1613817909841-260x113.jpg 260w\" sizes=\"(max-width: 671px) 100vw, 671px\" \/><\/p>\n<p style=\"text-align: justify;\">A C\u00e2mara referendou a decis\u00e3o do STF, mas a pris\u00e3o de Daniel Silveira\u00a0(PSL-RJ) deixa m\u00e1goas na rela\u00e7\u00e3o entre Legislativo e Judici\u00e1rio.<\/p>\n<p style=\"text-align: justify;\"><strong>\u201cO STF nunca se incomodou com as milhares de pessoas nas redes sociais e no YouTube dizendo dos deputados o mesmo que Silveira disse dos ministros e propondo fechar o Congresso com a mesma veem\u00eancia que prop\u00f5e fechar o STF. Admiro e respeito a decis\u00e3o (un\u00e2nime) do Supremo (sobre Silveira), mas ela \u00e9 corporativista\u201d,<\/strong> afirmou\u00a0o vice-presidente da C\u00e2mara, Marcelo Ramos\u00a0(PL-AM).<\/p>\n<p style=\"text-align: justify;\">\u00a0Ramos, que \u00e9 advogado, se diz favor\u00e1vel \u00e0 cassa\u00e7\u00e3o de Silveira e votou a favor da pris\u00e3o, mas \u201ccontrariado\u201d.<\/p>\n<p style=\"text-align: justify;\">\u201cOs atos do STF s\u00e3o insustent\u00e1veis juridicamente, mas justific\u00e1veis pol\u00edtica e institucionalmente\u201d, afirma ele. Reservadamente, muitos parlamentares concordam com ele.<\/p>\n<p>&nbsp;<\/p>\n<p>fonte: Coluna do Estad\u00e3o<\/p>\n","protected":false},"excerpt":{"rendered":"<p>A C\u00e2mara referendou a decis\u00e3o do STF, mas a pris\u00e3o de Daniel Silveira\u00a0(PSL-RJ) deixa m\u00e1goas na rela\u00e7\u00e3o entre Legislativo e Judici\u00e1rio. \u201cO STF nunca se incomodou com as milhares de pessoas nas redes sociais e no YouTube dizendo dos deputados o mesmo que Silveira disse dos ministros e propondo fechar o Congresso com a mesma [&hellip;]<\/p>\n","protected":false},"author":2,"featured_media":156853,"comment_status":"open","ping_status":"open","sticky":false,"template":"","format":"standard","meta":{"_monsterinsights_skip_tracking":false,"_monsterinsights_sitenote_active":false,"_monsterinsights_sitenote_note":"","_monsterinsights_sitenote_category":0},"categories":[30260,2528,30259],"tags":[3645,33198,37207,3014,18934],"aioseo_notices":[],"_links":{"self":[{"href":"https:\/\/mspontocom.com.br\/site\/wp-json\/wp\/v2\/posts\/156852"}],"collection":[{"href":"https:\/\/mspontocom.com.br\/site\/wp-json\/wp\/v2\/posts"}],"about":[{"href":"https:\/\/mspontocom.com.br\/site\/wp-json\/wp\/v2\/types\/post"}],"author":[{"embeddable":true,"href":"https:\/\/mspontocom.com.br\/site\/wp-json\/wp\/v2\/users\/2"}],"replies":[{"embeddable":true,"href":"https:\/\/mspontocom.com.br\/site\/wp-json\/wp\/v2\/comments?post=156852"}],"version-history":[{"count":1,"href":"https:\/\/mspontocom.com.br\/site\/wp-json\/wp\/v2\/posts\/156852\/revisions"}],"predecessor-version":[{"id":156854,"href":"https:\/\/mspontocom.com.br\/site\/wp-json\/wp\/v2\/posts\/156852\/revisions\/156854"}],"wp:featuredmedia":[{"embeddable":true,"href":"https:\/\/mspontocom.com.br\/site\/wp-json\/wp\/v2\/media\/156853"}],"wp:attachment":[{"href":"https:\/\/mspontocom.com.br\/site\/wp-json\/wp\/v2\/media?parent=156852"}],"wp:term":[{"taxonomy":"category","embeddable":true,"href":"https:\/\/mspontocom.com.br\/site\/wp-json\/wp\/v2\/categories?post=156852"},{"taxonomy":"post_tag","embeddable":true,"href":"https:\/\/mspontocom.com.br\/site\/wp-json\/wp\/v2\/tags?post=156852"}],"curies":[{"name":"wp","href":"https:\/\/api.w.org\/{rel}","templated":true}]}}