{"id":156859,"date":"2021-02-20T07:06:33","date_gmt":"2021-02-20T11:06:33","guid":{"rendered":"https:\/\/mspontocom.com.br\/site\/?p=156859"},"modified":"2021-02-20T07:06:33","modified_gmt":"2021-02-20T11:06:33","slug":"pt-ve-em-luiza-trajano-nome-para-compor-chapa-em-2022","status":"publish","type":"post","link":"https:\/\/mspontocom.com.br\/site\/pt-ve-em-luiza-trajano-nome-para-compor-chapa-em-2022\/","title":{"rendered":"PT v\u00ea em Luiza Trajano nome para compor chapa em 2022"},"content":{"rendered":"<p style=\"text-align: justify;\"><img loading=\"lazy\" class=\"alignnone size-full wp-image-156860\" src=\"https:\/\/mspontocom.com.br\/site\/wp-content\/uploads\/2021\/02\/site-pt-ve-em-luiza-trajano-nome-para-compor-chapa-em-2022-luhelena-e1613819140420.png\" alt=\"\" width=\"1048\" height=\"637\" srcset=\"https:\/\/mspontocom.com.br\/site\/wp-content\/uploads\/2021\/02\/site-pt-ve-em-luiza-trajano-nome-para-compor-chapa-em-2022-luhelena-e1613819140420.png 1048w, https:\/\/mspontocom.com.br\/site\/wp-content\/uploads\/2021\/02\/site-pt-ve-em-luiza-trajano-nome-para-compor-chapa-em-2022-luhelena-e1613819140420-260x158.png 260w, https:\/\/mspontocom.com.br\/site\/wp-content\/uploads\/2021\/02\/site-pt-ve-em-luiza-trajano-nome-para-compor-chapa-em-2022-luhelena-e1613819140420-768x467.png 768w, https:\/\/mspontocom.com.br\/site\/wp-content\/uploads\/2021\/02\/site-pt-ve-em-luiza-trajano-nome-para-compor-chapa-em-2022-luhelena-e1613819140420-1024x622.png 1024w\" sizes=\"(max-width: 1048px) 100vw, 1048px\" \/>A empres\u00e1ria Luiza Trajano, presidente do Conselho de Administra\u00e7\u00e3o da Magazine Luiza, se consolidou como uma voz do meio empresarial com forte influ\u00eancia entre dois dos potenciais candidatos ao Pal\u00e1cio do Planalto em 2022.<\/p>\n<p style=\"text-align: justify;\">Ela \u00e9 vista por l\u00edderes petistas como o novo nome do \u201ccapital\u201d que poderia compor uma chapa presidencial com Lula.<\/p>\n<p style=\"text-align: justify;\">Luiza Trajano ainda n\u00e3o recebeu convite formal para entrar na vida partid\u00e1ria e nega que tenha pretens\u00f5es eleitorais, mas, mesmo assim, viu seu nome entrar com for\u00e7a tamb\u00e9m no radar das articula\u00e7\u00f5es da pr\u00f3xima disputa presidencial.<\/p>\n<p style=\"text-align: justify;\">As bandeiras de Luiza Trajano contra o racismo estrutural, em defesa das mulheres e pr\u00f3-vacina conquistaram a simpatia de setores da esquerda que tamb\u00e9m buscam nomes para uma composi\u00e7\u00e3o em 2022.<\/p>\n<p style=\"text-align: justify;\">H\u00e1 no PT, por exemplo, quem considere a empres\u00e1ria uma ponte com o setor produtivo como foram Jos\u00e9 Alencar, vice-presidente de Lula.<\/p>\n<p>&nbsp;<\/p>\n<p>fonte:\u00a0Pedro Venceslau, O Estado de S.Paulo<\/p>\n","protected":false},"excerpt":{"rendered":"<p>A empres\u00e1ria Luiza Trajano, presidente do Conselho de Administra\u00e7\u00e3o da Magazine Luiza, se consolidou como uma voz do meio empresarial com forte influ\u00eancia entre dois dos potenciais candidatos ao Pal\u00e1cio do Planalto em 2022. Ela \u00e9 vista por l\u00edderes petistas como o novo nome do \u201ccapital\u201d que poderia compor uma chapa presidencial com Lula. Luiza [&hellip;]<\/p>\n","protected":false},"author":2,"featured_media":156860,"comment_status":"open","ping_status":"open","sticky":false,"template":"","format":"standard","meta":{"_monsterinsights_skip_tracking":false,"_monsterinsights_sitenote_active":false,"_monsterinsights_sitenote_note":"","_monsterinsights_sitenote_category":0},"categories":[30260,30259,12],"tags":[33214,27002,37208,533],"aioseo_notices":[],"_links":{"self":[{"href":"https:\/\/mspontocom.com.br\/site\/wp-json\/wp\/v2\/posts\/156859"}],"collection":[{"href":"https:\/\/mspontocom.com.br\/site\/wp-json\/wp\/v2\/posts"}],"about":[{"href":"https:\/\/mspontocom.com.br\/site\/wp-json\/wp\/v2\/types\/post"}],"author":[{"embeddable":true,"href":"https:\/\/mspontocom.com.br\/site\/wp-json\/wp\/v2\/users\/2"}],"replies":[{"embeddable":true,"href":"https:\/\/mspontocom.com.br\/site\/wp-json\/wp\/v2\/comments?post=156859"}],"version-history":[{"count":1,"href":"https:\/\/mspontocom.com.br\/site\/wp-json\/wp\/v2\/posts\/156859\/revisions"}],"predecessor-version":[{"id":156861,"href":"https:\/\/mspontocom.com.br\/site\/wp-json\/wp\/v2\/posts\/156859\/revisions\/156861"}],"wp:featuredmedia":[{"embeddable":true,"href":"https:\/\/mspontocom.com.br\/site\/wp-json\/wp\/v2\/media\/156860"}],"wp:attachment":[{"href":"https:\/\/mspontocom.com.br\/site\/wp-json\/wp\/v2\/media?parent=156859"}],"wp:term":[{"taxonomy":"category","embeddable":true,"href":"https:\/\/mspontocom.com.br\/site\/wp-json\/wp\/v2\/categories?post=156859"},{"taxonomy":"post_tag","embeddable":true,"href":"https:\/\/mspontocom.com.br\/site\/wp-json\/wp\/v2\/tags?post=156859"}],"curies":[{"name":"wp","href":"https:\/\/api.w.org\/{rel}","templated":true}]}}