{"id":156919,"date":"2021-02-22T08:17:37","date_gmt":"2021-02-22T12:17:37","guid":{"rendered":"https:\/\/mspontocom.com.br\/site\/?p=156919"},"modified":"2021-02-22T08:30:12","modified_gmt":"2021-02-22T12:30:12","slug":"pesquisa-grande-maioria-dos-brasileiros-acha-justa-condenacao-de-lula","status":"publish","type":"post","link":"https:\/\/mspontocom.com.br\/site\/pesquisa-grande-maioria-dos-brasileiros-acha-justa-condenacao-de-lula\/","title":{"rendered":"Pesquisa: Grande maioria dos brasileiros acha justa condena\u00e7\u00e3o de Lula"},"content":{"rendered":"<p style=\"text-align: justify;\"><img loading=\"lazy\" class=\"alignnone size-full wp-image-156921\" src=\"https:\/\/mspontocom.com.br\/site\/wp-content\/uploads\/2021\/02\/site-pesquisa-grande-maioria-dos-brasileiros-acha-justa-condenacao-de-lula-lulapreocupado-e1613996790928.jpg\" alt=\"\" width=\"525\" height=\"346\" srcset=\"https:\/\/mspontocom.com.br\/site\/wp-content\/uploads\/2021\/02\/site-pesquisa-grande-maioria-dos-brasileiros-acha-justa-condenacao-de-lula-lulapreocupado-e1613996790928.jpg 525w, https:\/\/mspontocom.com.br\/site\/wp-content\/uploads\/2021\/02\/site-pesquisa-grande-maioria-dos-brasileiros-acha-justa-condenacao-de-lula-lulapreocupado-e1613996790928-260x171.jpg 260w\" sizes=\"(max-width: 525px) 100vw, 525px\" \/><\/p>\n<p style=\"text-align: justify;\">Levantamento nacional realizado pelo instituto Paran\u00e1 Pesquisa mostra que a maioria esmagadora dos brasileiros considera justa a condena\u00e7\u00e3o, pela Justi\u00e7a, do ex-presidente Luiz In\u00e1cio Lula da Silva.<\/p>\n<p style=\"text-align: justify;\">\u00a0Lula at\u00e9 j\u00e1 cumpriu pena pela condena\u00e7\u00e3o por corrup\u00e7\u00e3o e lavagem de dinheiro, e ainda tem outras condena\u00e7\u00f5es a serem confirmadas para que volte a cumprir senten\u00e7a em regime fechado.<\/p>\n<p style=\"text-align: justify;\">De acordo com o levantamento, 57% dos entrevistados consideram justa a condena\u00e7\u00e3o do ex-presidi\u00e1rio, enquanto 37% a consideram injusta.<\/p>\n<p style=\"text-align: justify;\">O Paran\u00e1 Pesquisas entrevistou 2.264 brasileiros, entre os dias 16 e 19 de fevereiro, em 200 munic\u00edpios dos 26 estados e do Distrito Federal.<\/p>\n<p><strong>Confira aqui:<\/strong><\/p>\n<p><a href=\"https:\/\/mspontocom.com.br\/site\/wp-content\/uploads\/2021\/02\/site-pesquisa-grande-maioria-dos-brasileiros-acha-justa-condenacao-de-lula-midiabr1-fev21.pdf\">M\u00eddiaBR1-Fev21<\/a><\/p>\n<p>&nbsp;<\/p>\n","protected":false},"excerpt":{"rendered":"<p>Levantamento nacional realizado pelo instituto Paran\u00e1 Pesquisa mostra que a maioria esmagadora dos brasileiros considera justa a condena\u00e7\u00e3o, pela Justi\u00e7a, do ex-presidente Luiz In\u00e1cio Lula da Silva. \u00a0Lula at\u00e9 j\u00e1 cumpriu pena pela condena\u00e7\u00e3o por corrup\u00e7\u00e3o e lavagem de dinheiro, e ainda tem outras condena\u00e7\u00f5es a serem confirmadas para que volte a cumprir senten\u00e7a em [&hellip;]<\/p>\n","protected":false},"author":2,"featured_media":156921,"comment_status":"open","ping_status":"open","sticky":false,"template":"","format":"standard","meta":{"_monsterinsights_skip_tracking":false,"_monsterinsights_sitenote_active":false,"_monsterinsights_sitenote_note":"","_monsterinsights_sitenote_category":0},"categories":[30260,2528,30259],"tags":[29518,33301,480,34064,37227,733],"aioseo_notices":[],"_links":{"self":[{"href":"https:\/\/mspontocom.com.br\/site\/wp-json\/wp\/v2\/posts\/156919"}],"collection":[{"href":"https:\/\/mspontocom.com.br\/site\/wp-json\/wp\/v2\/posts"}],"about":[{"href":"https:\/\/mspontocom.com.br\/site\/wp-json\/wp\/v2\/types\/post"}],"author":[{"embeddable":true,"href":"https:\/\/mspontocom.com.br\/site\/wp-json\/wp\/v2\/users\/2"}],"replies":[{"embeddable":true,"href":"https:\/\/mspontocom.com.br\/site\/wp-json\/wp\/v2\/comments?post=156919"}],"version-history":[{"count":1,"href":"https:\/\/mspontocom.com.br\/site\/wp-json\/wp\/v2\/posts\/156919\/revisions"}],"predecessor-version":[{"id":156922,"href":"https:\/\/mspontocom.com.br\/site\/wp-json\/wp\/v2\/posts\/156919\/revisions\/156922"}],"wp:featuredmedia":[{"embeddable":true,"href":"https:\/\/mspontocom.com.br\/site\/wp-json\/wp\/v2\/media\/156921"}],"wp:attachment":[{"href":"https:\/\/mspontocom.com.br\/site\/wp-json\/wp\/v2\/media?parent=156919"}],"wp:term":[{"taxonomy":"category","embeddable":true,"href":"https:\/\/mspontocom.com.br\/site\/wp-json\/wp\/v2\/categories?post=156919"},{"taxonomy":"post_tag","embeddable":true,"href":"https:\/\/mspontocom.com.br\/site\/wp-json\/wp\/v2\/tags?post=156919"}],"curies":[{"name":"wp","href":"https:\/\/api.w.org\/{rel}","templated":true}]}}