{"id":156936,"date":"2021-02-23T05:40:05","date_gmt":"2021-02-23T09:40:05","guid":{"rendered":"https:\/\/mspontocom.com.br\/site\/?p=156936"},"modified":"2021-02-23T06:08:22","modified_gmt":"2021-02-23T10:08:22","slug":"stj-abre-canal-direito-para-participacao-de-cidadaos-de-todo-o-pais","status":"publish","type":"post","link":"https:\/\/mspontocom.com.br\/site\/stj-abre-canal-direito-para-participacao-de-cidadaos-de-todo-o-pais\/","title":{"rendered":"STJ abre canal direito para participa\u00e7\u00e3o de cidad\u00e3os de todo o pa\u00eds"},"content":{"rendered":"<p style=\"text-align: justify;\"><img loading=\"lazy\" class=\"alignnone size-full wp-image-156944\" src=\"https:\/\/mspontocom.com.br\/site\/wp-content\/uploads\/2021\/02\/site-stj-abre-canal-direito-para-participacao-de-cidadaos-de-todo-o-pais-stj-e1614074809470.jpg\" alt=\"\" width=\"1017\" height=\"665\" srcset=\"https:\/\/mspontocom.com.br\/site\/wp-content\/uploads\/2021\/02\/site-stj-abre-canal-direito-para-participacao-de-cidadaos-de-todo-o-pais-stj-e1614074809470.jpg 1017w, https:\/\/mspontocom.com.br\/site\/wp-content\/uploads\/2021\/02\/site-stj-abre-canal-direito-para-participacao-de-cidadaos-de-todo-o-pais-stj-e1614074809470-260x170.jpg 260w, https:\/\/mspontocom.com.br\/site\/wp-content\/uploads\/2021\/02\/site-stj-abre-canal-direito-para-participacao-de-cidadaos-de-todo-o-pais-stj-e1614074809470-768x502.jpg 768w\" sizes=\"(max-width: 1017px) 100vw, 1017px\" \/>O presidente do Superior Tribunal de Justi\u00e7a (STJ) ministro Humberto Martins, realizou, nesta segunda-feira (22), a primeira edi\u00e7\u00e3o deste ano do projeto\u00a0<strong><em>Fale com o Presidente \u2013 De m\u00e3os dadas: magistratura e cidadania<\/em>,<\/strong> iniciativa in\u00e9dita em que cidad\u00e3os de todo o pa\u00eds podem apresentar suas manifesta\u00e7\u00f5es diretamente \u00e0 presid\u00eancia do tribunal.<\/p>\n<p style=\"text-align: justify;\">No\u00a0<em>Fale com o Presidente<\/em>, demandas sobre qualquer assunto s\u00e3o registradas, encaminhadas e solucionadas dentro das possibilidades do <strong>STJ.<\/strong><\/p>\n<p style=\"text-align: justify;\">\u201cO prop\u00f3sito de abrirmos as portas do tribunal para receber o cidad\u00e3o \u00e9 acreditarmos no di\u00e1logo\u201d, resumiu Humberto Martins.<\/p>\n<h4 style=\"text-align: justify;\"><strong>Como funci\u200b\u200bona<\/strong><\/h4>\n<p style=\"text-align: justify;\">\u00a0Neste ano, as audi\u00eancias p\u00fablicas \u2013 com at\u00e9 18 pessoas em cada edi\u00e7\u00e3o \u2013 ocorrer\u00e3o sempre na \u00faltima segunda-feira de cada m\u00eas, exceto nos recessos forenses de janeiro e julho. A pr\u00f3xima edi\u00e7\u00e3o est\u00e1 marcada para 29 de mar\u00e7o.<\/p>\n<p style=\"text-align: justify;\">Cada participante tem at\u00e9 dez minutos de conversa com o presidente do STJ.<\/p>\n<p style=\"text-align: justify;\">Os pedidos de inscri\u00e7\u00e3o devem ser enviados para a Ouvidoria do tribunal, pelo e-mail\u00a0<a href=\"mailto:falecomopresidente@stj.jus.br\" target=\"_blank\" rel=\"noopener noreferrer\">falecomopresidente@stj.jus.br<\/a>.<\/p>\n<p style=\"text-align: justify;\">A solicita\u00e7\u00e3o deve ser feita com at\u00e9 72 horas de anteced\u00eancia da da\u200bta prevista para a audi\u00eancia. A confirma\u00e7\u00e3o \u00e9 enviada at\u00e9 48 horas antes, para o e-mail indicado pelo cidad\u00e3o.<\/p>\n","protected":false},"excerpt":{"rendered":"<p>O presidente do Superior Tribunal de Justi\u00e7a (STJ) ministro Humberto Martins, realizou, nesta segunda-feira (22), a primeira edi\u00e7\u00e3o deste ano do projeto\u00a0Fale com o Presidente \u2013 De m\u00e3os dadas: magistratura e cidadania, iniciativa in\u00e9dita em que cidad\u00e3os de todo o pa\u00eds podem apresentar suas manifesta\u00e7\u00f5es diretamente \u00e0 presid\u00eancia do tribunal. No\u00a0Fale com o Presidente, demandas [&hellip;]<\/p>\n","protected":false},"author":2,"featured_media":156944,"comment_status":"open","ping_status":"open","sticky":false,"template":"","format":"standard","meta":{"_monsterinsights_skip_tracking":false,"_monsterinsights_sitenote_active":false,"_monsterinsights_sitenote_note":"","_monsterinsights_sitenote_category":0},"categories":[2528,30259],"tags":[37231,2457,37233,37232,37234,1472,1122],"aioseo_notices":[],"_links":{"self":[{"href":"https:\/\/mspontocom.com.br\/site\/wp-json\/wp\/v2\/posts\/156936"}],"collection":[{"href":"https:\/\/mspontocom.com.br\/site\/wp-json\/wp\/v2\/posts"}],"about":[{"href":"https:\/\/mspontocom.com.br\/site\/wp-json\/wp\/v2\/types\/post"}],"author":[{"embeddable":true,"href":"https:\/\/mspontocom.com.br\/site\/wp-json\/wp\/v2\/users\/2"}],"replies":[{"embeddable":true,"href":"https:\/\/mspontocom.com.br\/site\/wp-json\/wp\/v2\/comments?post=156936"}],"version-history":[{"count":2,"href":"https:\/\/mspontocom.com.br\/site\/wp-json\/wp\/v2\/posts\/156936\/revisions"}],"predecessor-version":[{"id":156945,"href":"https:\/\/mspontocom.com.br\/site\/wp-json\/wp\/v2\/posts\/156936\/revisions\/156945"}],"wp:featuredmedia":[{"embeddable":true,"href":"https:\/\/mspontocom.com.br\/site\/wp-json\/wp\/v2\/media\/156944"}],"wp:attachment":[{"href":"https:\/\/mspontocom.com.br\/site\/wp-json\/wp\/v2\/media?parent=156936"}],"wp:term":[{"taxonomy":"category","embeddable":true,"href":"https:\/\/mspontocom.com.br\/site\/wp-json\/wp\/v2\/categories?post=156936"},{"taxonomy":"post_tag","embeddable":true,"href":"https:\/\/mspontocom.com.br\/site\/wp-json\/wp\/v2\/tags?post=156936"}],"curies":[{"name":"wp","href":"https:\/\/api.w.org\/{rel}","templated":true}]}}