{"id":156940,"date":"2021-02-23T06:00:43","date_gmt":"2021-02-23T10:00:43","guid":{"rendered":"https:\/\/mspontocom.com.br\/site\/?p=156940"},"modified":"2021-02-23T06:00:43","modified_gmt":"2021-02-23T10:00:43","slug":"mais-censura-moraes-quer-responsabilizar-empresas-por-falas-na-internet","status":"publish","type":"post","link":"https:\/\/mspontocom.com.br\/site\/mais-censura-moraes-quer-responsabilizar-empresas-por-falas-na-internet\/","title":{"rendered":"Mais censura: Moraes quer responsabilizar empresas por falas na internet"},"content":{"rendered":"<p style=\"text-align: justify;\"><img loading=\"lazy\" class=\"alignnone size-full wp-image-156942\" src=\"https:\/\/mspontocom.com.br\/site\/wp-content\/uploads\/2021\/02\/site-mais-censura-mora-quer-responsabilizar-empresas-por-falas-na-internet-alexandre-de-moraes-e1614074379159.jpg\" alt=\"\" width=\"774\" height=\"533\" srcset=\"https:\/\/mspontocom.com.br\/site\/wp-content\/uploads\/2021\/02\/site-mais-censura-mora-quer-responsabilizar-empresas-por-falas-na-internet-alexandre-de-moraes-e1614074379159.jpg 774w, https:\/\/mspontocom.com.br\/site\/wp-content\/uploads\/2021\/02\/site-mais-censura-mora-quer-responsabilizar-empresas-por-falas-na-internet-alexandre-de-moraes-e1614074379159-260x179.jpg 260w, https:\/\/mspontocom.com.br\/site\/wp-content\/uploads\/2021\/02\/site-mais-censura-mora-quer-responsabilizar-empresas-por-falas-na-internet-alexandre-de-moraes-e1614074379159-768x529.jpg 768w\" sizes=\"(max-width: 774px) 100vw, 774px\" \/>O ministro <strong>Alexandre de Moraes<\/strong>, do STF, diz acreditar que grandes grupos de internet devem responsabilizados por abrigarem usu\u00e1rios que propagam discursos de \u00f3dio.<\/p>\n<p style=\"text-align: justify;\">Ele participou de um debate por videoconfer\u00eancia promovido pela Funda\u00e7\u00e3o Get\u00falio Vargas (FGV) e a Embaixada da Alemanha.<\/p>\n<p style=\"text-align: justify;\">Moraes fez a palestra de abertura do evento e alertou para as amea\u00e7as presentes nas redes sociais da internet, chamada por ele como &#8220;terra de ningu\u00e9m&#8221;, onde proliferam discursos de \u00f3dio,\u00a0 envolvendo grupos pol\u00edticos e tamb\u00e9m empres\u00e1rios financiadores.<\/p>\n<p style=\"text-align: justify;\">Segundo Moraes, uma das solu\u00e7\u00f5es \u00e9 a classifica\u00e7\u00e3o dos grandes grupos de internet &#8211; incluindo<strong> Google e Facebook<\/strong> &#8211; como empresas de m\u00eddia, as equiparando, desta forma, aos grupos tradicionais de informa\u00e7\u00e3o, como jornais, r\u00e1dios e televis\u00f5es.<\/p>\n<p style=\"text-align: justify;\">&#8220;Ap\u00f3s a postagem, o ferimento \u00e0 democracia, \u00e0 honra, ap\u00f3s os discursos de \u00f3dio, a responsabilidade civil e penal deve ser dura, r\u00e1pida e concreta&#8221;, disse.<\/p>\n","protected":false},"excerpt":{"rendered":"<p>O ministro Alexandre de Moraes, do STF, diz acreditar que grandes grupos de internet devem responsabilizados por abrigarem usu\u00e1rios que propagam discursos de \u00f3dio. Ele participou de um debate por videoconfer\u00eancia promovido pela Funda\u00e7\u00e3o Get\u00falio Vargas (FGV) e a Embaixada da Alemanha. Moraes fez a palestra de abertura do evento e alertou para as amea\u00e7as [&hellip;]<\/p>\n","protected":false},"author":2,"featured_media":156942,"comment_status":"open","ping_status":"open","sticky":false,"template":"","format":"standard","meta":{"_monsterinsights_skip_tracking":false,"_monsterinsights_sitenote_active":false,"_monsterinsights_sitenote_note":"","_monsterinsights_sitenote_category":0},"categories":[6,30260,30259],"tags":[37229,204,37230,3014],"aioseo_notices":[],"_links":{"self":[{"href":"https:\/\/mspontocom.com.br\/site\/wp-json\/wp\/v2\/posts\/156940"}],"collection":[{"href":"https:\/\/mspontocom.com.br\/site\/wp-json\/wp\/v2\/posts"}],"about":[{"href":"https:\/\/mspontocom.com.br\/site\/wp-json\/wp\/v2\/types\/post"}],"author":[{"embeddable":true,"href":"https:\/\/mspontocom.com.br\/site\/wp-json\/wp\/v2\/users\/2"}],"replies":[{"embeddable":true,"href":"https:\/\/mspontocom.com.br\/site\/wp-json\/wp\/v2\/comments?post=156940"}],"version-history":[{"count":2,"href":"https:\/\/mspontocom.com.br\/site\/wp-json\/wp\/v2\/posts\/156940\/revisions"}],"predecessor-version":[{"id":156943,"href":"https:\/\/mspontocom.com.br\/site\/wp-json\/wp\/v2\/posts\/156940\/revisions\/156943"}],"wp:featuredmedia":[{"embeddable":true,"href":"https:\/\/mspontocom.com.br\/site\/wp-json\/wp\/v2\/media\/156942"}],"wp:attachment":[{"href":"https:\/\/mspontocom.com.br\/site\/wp-json\/wp\/v2\/media?parent=156940"}],"wp:term":[{"taxonomy":"category","embeddable":true,"href":"https:\/\/mspontocom.com.br\/site\/wp-json\/wp\/v2\/categories?post=156940"},{"taxonomy":"post_tag","embeddable":true,"href":"https:\/\/mspontocom.com.br\/site\/wp-json\/wp\/v2\/tags?post=156940"}],"curies":[{"name":"wp","href":"https:\/\/api.w.org\/{rel}","templated":true}]}}