{"id":156989,"date":"2021-02-24T04:52:40","date_gmt":"2021-02-24T08:52:40","guid":{"rendered":"https:\/\/mspontocom.com.br\/site\/?p=156989"},"modified":"2021-02-24T06:57:19","modified_gmt":"2021-02-24T10:57:19","slug":"governo-federal-lanca-guia-de-administracao-para-prefeitos","status":"publish","type":"post","link":"https:\/\/mspontocom.com.br\/site\/governo-federal-lanca-guia-de-administracao-para-prefeitos\/","title":{"rendered":"Governo federal lan\u00e7a guia de administra\u00e7\u00e3o para prefeitos"},"content":{"rendered":"<p style=\"text-align: justify;\"><img loading=\"lazy\" class=\"alignnone size-full wp-image-156997\" src=\"https:\/\/mspontocom.com.br\/site\/wp-content\/uploads\/2021\/02\/site-governo-federal-lanca-guia-de-administracao-para-prefeitos-agenda-e1614164143913.jpg\" alt=\"\" width=\"1043\" height=\"636\" srcset=\"https:\/\/mspontocom.com.br\/site\/wp-content\/uploads\/2021\/02\/site-governo-federal-lanca-guia-de-administracao-para-prefeitos-agenda-e1614164143913.jpg 1043w, https:\/\/mspontocom.com.br\/site\/wp-content\/uploads\/2021\/02\/site-governo-federal-lanca-guia-de-administracao-para-prefeitos-agenda-e1614164143913-260x159.jpg 260w, https:\/\/mspontocom.com.br\/site\/wp-content\/uploads\/2021\/02\/site-governo-federal-lanca-guia-de-administracao-para-prefeitos-agenda-e1614164143913-768x468.jpg 768w, https:\/\/mspontocom.com.br\/site\/wp-content\/uploads\/2021\/02\/site-governo-federal-lanca-guia-de-administracao-para-prefeitos-agenda-e1614164143913-1024x624.jpg 1024w\" sizes=\"(max-width: 1043px) 100vw, 1043px\" \/>O governo federal disponibilizou aos gestores municipais de todo um pa\u00eds um guia com orienta\u00e7\u00f5es para os primeiros 100 dias de administra\u00e7\u00e3o.<\/p>\n<p style=\"text-align: justify;\">Batizado de <strong>Agenda Prefeito + Brasil,<\/strong> o guia foi lan\u00e7ado\u00a0 em cerim\u00f4nia no Pal\u00e1cio do Planalto, que contou com a participa\u00e7\u00e3o do presidente<strong> Jair Bolsonaro,<\/strong> de ministros e prefeitos de dezenas de cidades.<\/p>\n<p style=\"text-align: justify;\">O documento est\u00e1 dispon\u00edvel para download no Portal Federativo.<\/p>\n<p style=\"text-align: justify;\">Com foco nos prefeitos eleitos e reeleitos, o guia traz orienta\u00e7\u00f5es de gest\u00e3o, legisla\u00e7\u00e3o atualizada e boas pr\u00e1ticas para o in\u00edcio do ciclo de quatro anos de mandato.<\/p>\n<p style=\"text-align: justify;\">O guia est\u00e1 dividido em cinco eixos: gest\u00e3o municipal, eixo governan\u00e7a, eixo social, eixo territ\u00f3rio e eixo finan\u00e7as. Cada um deles traz orienta\u00e7\u00f5es espec\u00edficas sobre boas pr\u00e1ticas de gest\u00e3o.<\/p>\n<p style=\"text-align: justify;\">Segundo o governo, ser\u00e3o lan\u00e7ados em breve dois novos guias para prefeitos, um com orienta\u00e7\u00f5es para os 200 dias de mandato e outro com orienta\u00e7\u00f5es para o primeiro ano de gest\u00e3o municipal<\/p>\n<p style=\"text-align: justify;\"><strong>Guia dispon\u00edvel em<\/strong>:\u00a0 \u00a0www.gov.br\/secretariadegoverno\/pt-br\/portalfederativo<\/p>\n","protected":false},"excerpt":{"rendered":"<p>O governo federal disponibilizou aos gestores municipais de todo um pa\u00eds um guia com orienta\u00e7\u00f5es para os primeiros 100 dias de administra\u00e7\u00e3o. Batizado de Agenda Prefeito + Brasil, o guia foi lan\u00e7ado\u00a0 em cerim\u00f4nia no Pal\u00e1cio do Planalto, que contou com a participa\u00e7\u00e3o do presidente Jair Bolsonaro, de ministros e prefeitos de dezenas de cidades. [&hellip;]<\/p>\n","protected":false},"author":2,"featured_media":156997,"comment_status":"open","ping_status":"open","sticky":false,"template":"","format":"standard","meta":{"_monsterinsights_skip_tracking":false,"_monsterinsights_sitenote_active":false,"_monsterinsights_sitenote_note":"","_monsterinsights_sitenote_category":0},"categories":[6,30259],"tags":[2865,37260,1116,632],"aioseo_notices":[],"_links":{"self":[{"href":"https:\/\/mspontocom.com.br\/site\/wp-json\/wp\/v2\/posts\/156989"}],"collection":[{"href":"https:\/\/mspontocom.com.br\/site\/wp-json\/wp\/v2\/posts"}],"about":[{"href":"https:\/\/mspontocom.com.br\/site\/wp-json\/wp\/v2\/types\/post"}],"author":[{"embeddable":true,"href":"https:\/\/mspontocom.com.br\/site\/wp-json\/wp\/v2\/users\/2"}],"replies":[{"embeddable":true,"href":"https:\/\/mspontocom.com.br\/site\/wp-json\/wp\/v2\/comments?post=156989"}],"version-history":[{"count":2,"href":"https:\/\/mspontocom.com.br\/site\/wp-json\/wp\/v2\/posts\/156989\/revisions"}],"predecessor-version":[{"id":156998,"href":"https:\/\/mspontocom.com.br\/site\/wp-json\/wp\/v2\/posts\/156989\/revisions\/156998"}],"wp:featuredmedia":[{"embeddable":true,"href":"https:\/\/mspontocom.com.br\/site\/wp-json\/wp\/v2\/media\/156997"}],"wp:attachment":[{"href":"https:\/\/mspontocom.com.br\/site\/wp-json\/wp\/v2\/media?parent=156989"}],"wp:term":[{"taxonomy":"category","embeddable":true,"href":"https:\/\/mspontocom.com.br\/site\/wp-json\/wp\/v2\/categories?post=156989"},{"taxonomy":"post_tag","embeddable":true,"href":"https:\/\/mspontocom.com.br\/site\/wp-json\/wp\/v2\/tags?post=156989"}],"curies":[{"name":"wp","href":"https:\/\/api.w.org\/{rel}","templated":true}]}}