{"id":157053,"date":"2021-02-25T13:00:40","date_gmt":"2021-02-25T17:00:40","guid":{"rendered":"https:\/\/mspontocom.com.br\/site\/?p=157053"},"modified":"2021-02-25T13:10:18","modified_gmt":"2021-02-25T17:10:18","slug":"campanha-para-senador-randolfe-assumir-clausula-da-vacina-da-pfizer","status":"publish","type":"post","link":"https:\/\/mspontocom.com.br\/site\/campanha-para-senador-randolfe-assumir-clausula-da-vacina-da-pfizer\/","title":{"rendered":"Campanha para senador Randolfe assumir cl\u00e1usula da vacina da Pfizer"},"content":{"rendered":"<p><img loading=\"lazy\" class=\"size-full wp-image-157056\" src=\"https:\/\/mspontocom.com.br\/site\/wp-content\/uploads\/2021\/02\/site-campanha-para-senador-randolfe-assumir-clausula-da-vacina-da-pfizer-randolfe-rodrigues-e1614272886325.jpg\" alt=\"\" width=\"536\" height=\"284\" srcset=\"https:\/\/mspontocom.com.br\/site\/wp-content\/uploads\/2021\/02\/site-campanha-para-senador-randolfe-assumir-clausula-da-vacina-da-pfizer-randolfe-rodrigues-e1614272886325.jpg 536w, https:\/\/mspontocom.com.br\/site\/wp-content\/uploads\/2021\/02\/site-campanha-para-senador-randolfe-assumir-clausula-da-vacina-da-pfizer-randolfe-rodrigues-e1614272886325-260x138.jpg 260w\" sizes=\"(max-width: 536px) 100vw, 536px\" \/><\/p>\n<p style=\"text-align: justify;\">A Pfizer\/BioNTech n\u00e3o se responsabiliza com qualquer efeito colateral que a vacina possa gerar.<\/p>\n<p style=\"text-align: justify;\">A Farmac\u00eautica diz assim:\u00a0 &#8216;eu lavo as m\u00e3os. Eu fa\u00e7o a vacina, voc\u00eas compram, voc\u00eas pagam bilh\u00f5es, mas eu n\u00e3o me responsabilizo por efeitos colaterais&#8217;.<\/p>\n<p style=\"text-align: justify;\">O senador Randolfe Rodrigues<b> <\/b>conversou com dirigentes da Pfizer e da Janssen.<\/p>\n<p style=\"text-align: justify;\">\u00a0Randolfe apresentou uma emenda que autoriza a Uni\u00e3o a assumir a responsabilidade por eventuais efeitos colaterais dos imunizantes.<\/p>\n<p style=\"text-align: justify;\">As tratativas do governo federal com as farmac\u00eauticas come\u00e7aram em abril do ano passado, mas as negocia\u00e7\u00f5es est\u00e3o travadas em fun\u00e7\u00e3o de exig\u00eancias consideradas invi\u00e1veis pela pasta da Sa\u00fade, como a impossibilidade de as empresas assumirem os riscos em caso de efeitos colaterais das vacinas.<\/p>\n<p style=\"text-align: justify;\">O presidente Jair Bolsonaro disse que cl\u00e1usula que isenta a empresa &#8220;\u00e9 uma coisa de extrema responsabilidade&#8221;.<\/p>\n<p style=\"text-align: justify;\">Fica ent\u00e3o a sugest\u00e3o para movimentos ou apoiadores do presidente iniciar uma campanha tipo #assumerandolfe.<\/p>\n<p style=\"text-align: justify;\">Problema resolvido!<\/p>\n<p>&nbsp;<\/p>\n<p>foto: (Fabio Rodrigues Pozzebom\/Ag\u00eancia Brasil)<\/p>\n","protected":false},"excerpt":{"rendered":"<p>A Pfizer\/BioNTech n\u00e3o se responsabiliza com qualquer efeito colateral que a vacina possa gerar. A Farmac\u00eautica diz assim:\u00a0 &#8216;eu lavo as m\u00e3os. Eu fa\u00e7o a vacina, voc\u00eas compram, voc\u00eas pagam bilh\u00f5es, mas eu n\u00e3o me responsabilizo por efeitos colaterais&#8217;. O senador Randolfe Rodrigues conversou com dirigentes da Pfizer e da Janssen. \u00a0Randolfe apresentou uma emenda [&hellip;]<\/p>\n","protected":false},"author":2,"featured_media":157056,"comment_status":"open","ping_status":"open","sticky":false,"template":"","format":"standard","meta":{"_monsterinsights_skip_tracking":false,"_monsterinsights_sitenote_active":false,"_monsterinsights_sitenote_note":"","_monsterinsights_sitenote_category":0},"categories":[30260,30259,12],"tags":[29140,35240,37282,27836,3698,452],"aioseo_notices":[],"_links":{"self":[{"href":"https:\/\/mspontocom.com.br\/site\/wp-json\/wp\/v2\/posts\/157053"}],"collection":[{"href":"https:\/\/mspontocom.com.br\/site\/wp-json\/wp\/v2\/posts"}],"about":[{"href":"https:\/\/mspontocom.com.br\/site\/wp-json\/wp\/v2\/types\/post"}],"author":[{"embeddable":true,"href":"https:\/\/mspontocom.com.br\/site\/wp-json\/wp\/v2\/users\/2"}],"replies":[{"embeddable":true,"href":"https:\/\/mspontocom.com.br\/site\/wp-json\/wp\/v2\/comments?post=157053"}],"version-history":[{"count":2,"href":"https:\/\/mspontocom.com.br\/site\/wp-json\/wp\/v2\/posts\/157053\/revisions"}],"predecessor-version":[{"id":157057,"href":"https:\/\/mspontocom.com.br\/site\/wp-json\/wp\/v2\/posts\/157053\/revisions\/157057"}],"wp:featuredmedia":[{"embeddable":true,"href":"https:\/\/mspontocom.com.br\/site\/wp-json\/wp\/v2\/media\/157056"}],"wp:attachment":[{"href":"https:\/\/mspontocom.com.br\/site\/wp-json\/wp\/v2\/media?parent=157053"}],"wp:term":[{"taxonomy":"category","embeddable":true,"href":"https:\/\/mspontocom.com.br\/site\/wp-json\/wp\/v2\/categories?post=157053"},{"taxonomy":"post_tag","embeddable":true,"href":"https:\/\/mspontocom.com.br\/site\/wp-json\/wp\/v2\/tags?post=157053"}],"curies":[{"name":"wp","href":"https:\/\/api.w.org\/{rel}","templated":true}]}}