{"id":157061,"date":"2021-02-26T06:52:19","date_gmt":"2021-02-26T10:52:19","guid":{"rendered":"https:\/\/mspontocom.com.br\/site\/?p=157061"},"modified":"2021-02-26T06:52:19","modified_gmt":"2021-02-26T10:52:19","slug":"movimento-cria-disque-denuncia-para-processar-quem-critica-bolsonaro","status":"publish","type":"post","link":"https:\/\/mspontocom.com.br\/site\/movimento-cria-disque-denuncia-para-processar-quem-critica-bolsonaro\/","title":{"rendered":"Movimento cria \u2018disque-den\u00fancia\u2019 para processar quem critica Bolsonaro"},"content":{"rendered":"<p style=\"text-align: justify;\"><img loading=\"lazy\" class=\"alignnone size-full wp-image-157070\" src=\"https:\/\/mspontocom.com.br\/site\/wp-content\/uploads\/2021\/02\/site-advogados-criam-disque-denuncia-para-processar-quem-critica-bolsonaro-advogados-bolsonaro-e1614336638312.jpg\" alt=\"\" width=\"766\" height=\"419\" srcset=\"https:\/\/mspontocom.com.br\/site\/wp-content\/uploads\/2021\/02\/site-advogados-criam-disque-denuncia-para-processar-quem-critica-bolsonaro-advogados-bolsonaro-e1614336638312.jpg 766w, https:\/\/mspontocom.com.br\/site\/wp-content\/uploads\/2021\/02\/site-advogados-criam-disque-denuncia-para-processar-quem-critica-bolsonaro-advogados-bolsonaro-e1614336638312-260x142.jpg 260w\" sizes=\"(max-width: 766px) 100vw, 766px\" \/>Criada por um grupo de advogados da Para\u00edba\u00a0com o objetivo de \u201cpreservar\u201d valores da ligados \u00e0 fam\u00edlia, tradi\u00e7\u00e3o e propriedade,\u00a0 a Ordem dos Advogados Conservadores do Brasil (OACB) entrou na mira da OAB\u00a0\u00a0na \u00faltima quarta-feira, 24, ap\u00f3s publicar mensagem nas redes sociais em que abre uma esp\u00e9cie de \u201cdisque-den\u00fancia\u201d para que internautas reportem a eles quaisquer ofensas ao presidente Jair Bolsonaro, sua fam\u00edlia e membros do governo.<\/p>\n<p style=\"text-align: justify;\"><span style=\"color: #ff0000;\"><strong>Se voc\u00ea receber ou se deparar com v\u00eddeos, fotos, ou qualquer outro tipo de postagem ofensiva ao presidente Jair Bolsonaro, sua fam\u00edlia e membros do seu governo, seja por parte de pol\u00edticos, artistas, professores ou qualquer um do povo, envie o material para o e-mail\u201d, diz uma imagem divulgada pelo grupo. \u201cVAMOS PROCESSAR TODOS\u201d, promete, em letras garrafais.<\/strong><\/span><\/p>\n<h3 class=\"intertitulo\" style=\"text-align: justify;\">Cr\u00edticas \u00e0 OAB e ao STF<\/h3>\n<p style=\"text-align: justify;\">A gest\u00e3o de Santa Cruz \u00e0 frente da OAB e decis\u00f5es tomadas pelos ministros do Supremo Tribunal Federal s\u00e3o duas das principais bandeiras de cr\u00edticas dos advogados conservadores.<\/p>\n<p style=\"text-align: justify;\">O grupo constantemente pede a ren\u00fancia de Santa Cruz, sobre quem j\u00e1 afirmou sentir \u201crepulsa\u201d por conta da atual condu\u00e7\u00e3o da OAB.<\/p>\n<p style=\"text-align: justify;\">Pelas redes sociais, o grupo que tem pouco mais de 5.700 seguidores no Twitter.<\/p>\n","protected":false},"excerpt":{"rendered":"<p>Criada por um grupo de advogados da Para\u00edba\u00a0com o objetivo de \u201cpreservar\u201d valores da ligados \u00e0 fam\u00edlia, tradi\u00e7\u00e3o e propriedade,\u00a0 a Ordem dos Advogados Conservadores do Brasil (OACB) entrou na mira da OAB\u00a0\u00a0na \u00faltima quarta-feira, 24, ap\u00f3s publicar mensagem nas redes sociais em que abre uma esp\u00e9cie de \u201cdisque-den\u00fancia\u201d para que internautas reportem a eles [&hellip;]<\/p>\n","protected":false},"author":2,"featured_media":157070,"comment_status":"open","ping_status":"open","sticky":false,"template":"","format":"standard","meta":{"_monsterinsights_skip_tracking":false,"_monsterinsights_sitenote_active":false,"_monsterinsights_sitenote_note":"","_monsterinsights_sitenote_category":0},"categories":[6,30260,30259,12],"tags":[214,21017,37287,21382,37286,25513],"aioseo_notices":[],"_links":{"self":[{"href":"https:\/\/mspontocom.com.br\/site\/wp-json\/wp\/v2\/posts\/157061"}],"collection":[{"href":"https:\/\/mspontocom.com.br\/site\/wp-json\/wp\/v2\/posts"}],"about":[{"href":"https:\/\/mspontocom.com.br\/site\/wp-json\/wp\/v2\/types\/post"}],"author":[{"embeddable":true,"href":"https:\/\/mspontocom.com.br\/site\/wp-json\/wp\/v2\/users\/2"}],"replies":[{"embeddable":true,"href":"https:\/\/mspontocom.com.br\/site\/wp-json\/wp\/v2\/comments?post=157061"}],"version-history":[{"count":2,"href":"https:\/\/mspontocom.com.br\/site\/wp-json\/wp\/v2\/posts\/157061\/revisions"}],"predecessor-version":[{"id":157071,"href":"https:\/\/mspontocom.com.br\/site\/wp-json\/wp\/v2\/posts\/157061\/revisions\/157071"}],"wp:featuredmedia":[{"embeddable":true,"href":"https:\/\/mspontocom.com.br\/site\/wp-json\/wp\/v2\/media\/157070"}],"wp:attachment":[{"href":"https:\/\/mspontocom.com.br\/site\/wp-json\/wp\/v2\/media?parent=157061"}],"wp:term":[{"taxonomy":"category","embeddable":true,"href":"https:\/\/mspontocom.com.br\/site\/wp-json\/wp\/v2\/categories?post=157061"},{"taxonomy":"post_tag","embeddable":true,"href":"https:\/\/mspontocom.com.br\/site\/wp-json\/wp\/v2\/tags?post=157061"}],"curies":[{"name":"wp","href":"https:\/\/api.w.org\/{rel}","templated":true}]}}