{"id":157108,"date":"2021-02-27T05:38:03","date_gmt":"2021-02-27T09:38:03","guid":{"rendered":"https:\/\/mspontocom.com.br\/site\/?p=157108"},"modified":"2021-02-27T05:38:03","modified_gmt":"2021-02-27T09:38:03","slug":"ministro-pazuello-cogita-disputar-o-governo-do-amazonas-em-2022","status":"publish","type":"post","link":"https:\/\/mspontocom.com.br\/site\/ministro-pazuello-cogita-disputar-o-governo-do-amazonas-em-2022\/","title":{"rendered":"Ministro Pazuello cogita disputar o governo do Amazonas em 2022"},"content":{"rendered":"<p style=\"text-align: justify;\"><img loading=\"lazy\" class=\"alignnone size-full wp-image-157109\" src=\"https:\/\/mspontocom.com.br\/site\/wp-content\/uploads\/2021\/02\/site-ministro-pazuello-cogita-disputar-o-governo-do-amazonas-em-2022-ana-e1614418633692.jpg\" alt=\"\" width=\"950\" height=\"556\" srcset=\"https:\/\/mspontocom.com.br\/site\/wp-content\/uploads\/2021\/02\/site-ministro-pazuello-cogita-disputar-o-governo-do-amazonas-em-2022-ana-e1614418633692.jpg 950w, https:\/\/mspontocom.com.br\/site\/wp-content\/uploads\/2021\/02\/site-ministro-pazuello-cogita-disputar-o-governo-do-amazonas-em-2022-ana-e1614418633692-260x152.jpg 260w, https:\/\/mspontocom.com.br\/site\/wp-content\/uploads\/2021\/02\/site-ministro-pazuello-cogita-disputar-o-governo-do-amazonas-em-2022-ana-e1614418633692-768x449.jpg 768w\" sizes=\"(max-width: 950px) 100vw, 950px\" \/>O ministro da Sa\u00fade Eduardo Pazuello cogita uma meta\u00e9 ambiciosa: disputar vaga no Senado em 2022 ou o governo do Estado, e logo do Amazonas,<\/p>\n<p style=\"text-align: justify;\">O projeto de Pazuello ganhou for\u00e7a quando ele esteve em Manaus, para pilotar o combate \u00e0 Covid, e manteve contato com os pol\u00edticos locais.<\/p>\n<p style=\"text-align: justify;\">A partir da\u00ed, Pazuello assumiu atitude pol\u00edtica. At\u00e9 anunciou que faria do Amazonas o primeiro Estado com popula\u00e7\u00e3o totalmente imunizada.<\/p>\n<p style=\"text-align: justify;\">Ministros com gabinete no Planalto est\u00e3o surpresos com o projeto de Pazuello. \u201cAcho que o presidente n\u00e3o sabe disso\u201d, afirmou um deles.<\/p>\n<p style=\"text-align: justify;\">A informa\u00e7\u00e3o foi confirmada por dois assessores, mas o ministro se manteve calado, segundo mostra a Coluna Cl\u00e1udio Humberto, do\u00a0<strong>Di\u00e1rio do Poder<\/strong>.<\/p>\n","protected":false},"excerpt":{"rendered":"<p>O ministro da Sa\u00fade Eduardo Pazuello cogita uma meta\u00e9 ambiciosa: disputar vaga no Senado em 2022 ou o governo do Estado, e logo do Amazonas, O projeto de Pazuello ganhou for\u00e7a quando ele esteve em Manaus, para pilotar o combate \u00e0 Covid, e manteve contato com os pol\u00edticos locais. A partir da\u00ed, Pazuello assumiu atitude [&hellip;]<\/p>\n","protected":false},"author":2,"featured_media":157109,"comment_status":"open","ping_status":"open","sticky":false,"template":"","format":"standard","meta":{"_monsterinsights_skip_tracking":false,"_monsterinsights_sitenote_active":false,"_monsterinsights_sitenote_note":"","_monsterinsights_sitenote_category":0},"categories":[30260,30259,12],"tags":[33214,4667,24270,78,37303],"aioseo_notices":[],"_links":{"self":[{"href":"https:\/\/mspontocom.com.br\/site\/wp-json\/wp\/v2\/posts\/157108"}],"collection":[{"href":"https:\/\/mspontocom.com.br\/site\/wp-json\/wp\/v2\/posts"}],"about":[{"href":"https:\/\/mspontocom.com.br\/site\/wp-json\/wp\/v2\/types\/post"}],"author":[{"embeddable":true,"href":"https:\/\/mspontocom.com.br\/site\/wp-json\/wp\/v2\/users\/2"}],"replies":[{"embeddable":true,"href":"https:\/\/mspontocom.com.br\/site\/wp-json\/wp\/v2\/comments?post=157108"}],"version-history":[{"count":1,"href":"https:\/\/mspontocom.com.br\/site\/wp-json\/wp\/v2\/posts\/157108\/revisions"}],"predecessor-version":[{"id":157110,"href":"https:\/\/mspontocom.com.br\/site\/wp-json\/wp\/v2\/posts\/157108\/revisions\/157110"}],"wp:featuredmedia":[{"embeddable":true,"href":"https:\/\/mspontocom.com.br\/site\/wp-json\/wp\/v2\/media\/157109"}],"wp:attachment":[{"href":"https:\/\/mspontocom.com.br\/site\/wp-json\/wp\/v2\/media?parent=157108"}],"wp:term":[{"taxonomy":"category","embeddable":true,"href":"https:\/\/mspontocom.com.br\/site\/wp-json\/wp\/v2\/categories?post=157108"},{"taxonomy":"post_tag","embeddable":true,"href":"https:\/\/mspontocom.com.br\/site\/wp-json\/wp\/v2\/tags?post=157108"}],"curies":[{"name":"wp","href":"https:\/\/api.w.org\/{rel}","templated":true}]}}