{"id":157121,"date":"2021-02-28T06:16:18","date_gmt":"2021-02-28T10:16:18","guid":{"rendered":"https:\/\/mspontocom.com.br\/site\/?p=157121"},"modified":"2021-02-28T06:16:18","modified_gmt":"2021-02-28T10:16:18","slug":"70-da-populacao-consideram-positiva-a-troca-de-presidentes-no-congresso","status":"publish","type":"post","link":"https:\/\/mspontocom.com.br\/site\/70-da-populacao-consideram-positiva-a-troca-de-presidentes-no-congresso\/","title":{"rendered":"70% da popula\u00e7\u00e3o consideram positiva a troca de presidentes no Congresso"},"content":{"rendered":"<p style=\"text-align: justify;\"><img loading=\"lazy\" class=\"alignnone size-full wp-image-157122\" src=\"https:\/\/mspontocom.com.br\/site\/wp-content\/uploads\/2021\/02\/site-70-da-populacao-consideram-positiva-a-troca-de-presidentes-no-congresso-lira-e1614507303404.jpg\" alt=\"\" width=\"950\" height=\"545\" srcset=\"https:\/\/mspontocom.com.br\/site\/wp-content\/uploads\/2021\/02\/site-70-da-populacao-consideram-positiva-a-troca-de-presidentes-no-congresso-lira-e1614507303404.jpg 950w, https:\/\/mspontocom.com.br\/site\/wp-content\/uploads\/2021\/02\/site-70-da-populacao-consideram-positiva-a-troca-de-presidentes-no-congresso-lira-e1614507303404-260x149.jpg 260w, https:\/\/mspontocom.com.br\/site\/wp-content\/uploads\/2021\/02\/site-70-da-populacao-consideram-positiva-a-troca-de-presidentes-no-congresso-lira-e1614507303404-768x441.jpg 768w\" sizes=\"(max-width: 950px) 100vw, 950px\" \/>Levantamento exclusivo contratado pelo site\u00a0<em>Di\u00e1rio do Poder<\/em>\u00a0revela que quase 71% dos brasileiros consideram positiva a troca das presid\u00eancias da C\u00e2mara dos Deputados e do Senado Federal.<\/p>\n<p style=\"text-align: justify;\">Apenas 19,5% consideram negativa a substitui\u00e7\u00e3o de Rodrigo Maia (DEM-RJ) por Arthur Lira (PP-AL) e de Davi Alcolumbre (DEM-AP) por Rodrigo Pacheco (DEM-MG).<\/p>\n<p style=\"text-align: justify;\">Outros 9,7% preferiram n\u00e3o opinar.<\/p>\n<p style=\"text-align: justify;\">O Paran\u00e1 Pesquisas entrevistou 2.070 habitantes de 192 munic\u00edpios, nos 26 estados e do Distrito Federal, entre os dias 24 a 26 de fevereiro.<\/p>\n<p>&nbsp;<\/p>\n<p>A informa\u00e7\u00e3o \u00e9 da Coluna Cl\u00e1udio Humberto, do\u00a0<strong>Di\u00e1rio do Poder<\/strong>.<\/p>\n","protected":false},"excerpt":{"rendered":"<p>Levantamento exclusivo contratado pelo site\u00a0Di\u00e1rio do Poder\u00a0revela que quase 71% dos brasileiros consideram positiva a troca das presid\u00eancias da C\u00e2mara dos Deputados e do Senado Federal. Apenas 19,5% consideram negativa a substitui\u00e7\u00e3o de Rodrigo Maia (DEM-RJ) por Arthur Lira (PP-AL) e de Davi Alcolumbre (DEM-AP) por Rodrigo Pacheco (DEM-MG). Outros 9,7% preferiram n\u00e3o opinar. O [&hellip;]<\/p>\n","protected":false},"author":2,"featured_media":157122,"comment_status":"open","ping_status":"open","sticky":false,"template":"","format":"standard","meta":{"_monsterinsights_skip_tracking":false,"_monsterinsights_sitenote_active":false,"_monsterinsights_sitenote_note":"","_monsterinsights_sitenote_category":0},"categories":[30260,30259,12],"tags":[2576,1472,37307,30599,27125],"aioseo_notices":[],"_links":{"self":[{"href":"https:\/\/mspontocom.com.br\/site\/wp-json\/wp\/v2\/posts\/157121"}],"collection":[{"href":"https:\/\/mspontocom.com.br\/site\/wp-json\/wp\/v2\/posts"}],"about":[{"href":"https:\/\/mspontocom.com.br\/site\/wp-json\/wp\/v2\/types\/post"}],"author":[{"embeddable":true,"href":"https:\/\/mspontocom.com.br\/site\/wp-json\/wp\/v2\/users\/2"}],"replies":[{"embeddable":true,"href":"https:\/\/mspontocom.com.br\/site\/wp-json\/wp\/v2\/comments?post=157121"}],"version-history":[{"count":1,"href":"https:\/\/mspontocom.com.br\/site\/wp-json\/wp\/v2\/posts\/157121\/revisions"}],"predecessor-version":[{"id":157123,"href":"https:\/\/mspontocom.com.br\/site\/wp-json\/wp\/v2\/posts\/157121\/revisions\/157123"}],"wp:featuredmedia":[{"embeddable":true,"href":"https:\/\/mspontocom.com.br\/site\/wp-json\/wp\/v2\/media\/157122"}],"wp:attachment":[{"href":"https:\/\/mspontocom.com.br\/site\/wp-json\/wp\/v2\/media?parent=157121"}],"wp:term":[{"taxonomy":"category","embeddable":true,"href":"https:\/\/mspontocom.com.br\/site\/wp-json\/wp\/v2\/categories?post=157121"},{"taxonomy":"post_tag","embeddable":true,"href":"https:\/\/mspontocom.com.br\/site\/wp-json\/wp\/v2\/tags?post=157121"}],"curies":[{"name":"wp","href":"https:\/\/api.w.org\/{rel}","templated":true}]}}